{"id":979,"date":"2012-09-11T00:23:51","date_gmt":"2012-09-10T22:23:51","guid":{"rendered":"http:\/\/blog.kurtjakob.ch\/?p=979"},"modified":"2021-05-01T21:09:13","modified_gmt":"2021-05-01T21:09:13","slug":"verschiedene-medien-im-einsatz","status":"publish","type":"post","link":"https:\/\/kurtjakob.ch\/?p=979","title":{"rendered":"Verschiedene Medien im Einsatz"},"content":{"rendered":"<p align=\"left\"><a href=\"http:\/\/blog.kurtjakob.ch\/wp-content\/uploads\/2012\/09\/n13354v1.jpg\"><img loading=\"lazy\" decoding=\"async\" style=\"background-image: none; padding-left: 0px; padding-right: 0px; display: inline; padding-top: 0px; border: 0px;\" title=\"n13354v1\" src=\"http:\/\/blog.kurtjakob.ch\/wp-content\/uploads\/2012\/09\/n13354v1_thumb.jpg\" alt=\"n13354v1\" width=\"556\" height=\"375\" border=\"0\" \/><\/a><\/p>\n<p>Heute ist mir aufgefallen, dass ich tats\u00e4chlich im Verlaufe des Morgens wieder einmal drei verschiedene visuelle Medien eingesetzt habe: Hellraumprojektor, Beamer und Wandtafel. Die Wandtafel ben\u00fctze ich t\u00e4glich, ebenso den Beamer. Den Hellraumprojektor hingegen werde ich wohl n\u00e4chstens einmal entsorgen, der Einsatz heute war doch eher eine Ausnahme.<\/p>\n","protected":false},"excerpt":{"rendered":"<p>Heute ist mir aufgefallen, dass ich tats\u00e4chlich im Verlaufe des Morgens wieder einmal drei verschiedene visuelle Medien eingesetzt habe: Hellraumprojektor, Beamer und Wandtafel. Die Wandtafel ben\u00fctze ich t\u00e4glich, ebenso den Beamer. Den Hellraumprojektor hingegen werde ich wohl n\u00e4chstens einmal entsorgen, der Einsatz heute war doch eher eine Ausnahme.<\/p>\n","protected":false},"author":4,"featured_media":0,"comment_status":"open","ping_status":"open","sticky":false,"template":"","format":"standard","meta":{"footnotes":""},"categories":[212],"tags":[33,4,77],"class_list":["post-979","post","type-post","status-publish","format-standard","hentry","category-schule","tag-12-medien","tag-schulischer-alltag","tag-visualisierung"],"_links":{"self":[{"href":"https:\/\/kurtjakob.ch\/index.php?rest_route=\/wp\/v2\/posts\/979","targetHints":{"allow":["GET"]}}],"collection":[{"href":"https:\/\/kurtjakob.ch\/index.php?rest_route=\/wp\/v2\/posts"}],"about":[{"href":"https:\/\/kurtjakob.ch\/index.php?rest_route=\/wp\/v2\/types\/post"}],"author":[{"embeddable":true,"href":"https:\/\/kurtjakob.ch\/index.php?rest_route=\/wp\/v2\/users\/4"}],"replies":[{"embeddable":true,"href":"https:\/\/kurtjakob.ch\/index.php?rest_route=%2Fwp%2Fv2%2Fcomments&post=979"}],"version-history":[{"count":1,"href":"https:\/\/kurtjakob.ch\/index.php?rest_route=\/wp\/v2\/posts\/979\/revisions"}],"predecessor-version":[{"id":2802,"href":"https:\/\/kurtjakob.ch\/index.php?rest_route=\/wp\/v2\/posts\/979\/revisions\/2802"}],"wp:attachment":[{"href":"https:\/\/kurtjakob.ch\/index.php?rest_route=%2Fwp%2Fv2%2Fmedia&parent=979"}],"wp:term":[{"taxonomy":"category","embeddable":true,"href":"https:\/\/kurtjakob.ch\/index.php?rest_route=%2Fwp%2Fv2%2Fcategories&post=979"},{"taxonomy":"post_tag","embeddable":true,"href":"https:\/\/kurtjakob.ch\/index.php?rest_route=%2Fwp%2Fv2%2Ftags&post=979"}],"curies":[{"name":"wp","href":"https:\/\/api.w.org\/{rel}","templated":true}]}}