{"id":970,"date":"2012-09-09T12:47:37","date_gmt":"2012-09-09T10:47:37","guid":{"rendered":"http:\/\/blog.kurtjakob.ch\/?p=970"},"modified":"2012-09-09T12:47:37","modified_gmt":"2012-09-09T10:47:37","slug":"suchbegriff-emil-staiger-in-diesem-blog","status":"publish","type":"post","link":"https:\/\/kurtjakob.ch\/?p=970","title":{"rendered":"Suchbegriff &#8220;emil staiger&#8221; in diesem Blog"},"content":{"rendered":"<p align=\"left\">Eben habe ich einen Blick in die Statistik dieses Blogs geworfen \u2013 unter anderem auf die Suchbegriffe, die \u00fcber Suchmaschinen auf diesen Blog gef\u00fchrt haben. Da sto\u00dfe ich doch tats\u00e4chlich auf den Suchbegriff \u201cemil staiger\u201d.&nbsp; Mir war aber nicht bewusst, dass ich mich je \u00fcber Emil Staiger in diesem Blog ge\u00e4u\u00dfert habe. Im schulischen Umfeld wird der Name sicher \u00f6fters gefallen sein, vor allem nat\u00fcrlich im Zusammenhang mit Goethe. Warum aber st\u00f6\u00dft jemand \u00fcber google mit der Suche nach Emil Staiger auf diesen Blog?<\/p>\n<p align=\"left\">Also habe ich selber in <a href=\"https:\/\/www.google.ch\/#hl=de&amp;output=search&amp;sclient=psy-ab&amp;q=emil+staiger&amp;oq=emil+staiger&amp;gs_l=hp.3...1576.8104.1.8500.35.19.11.0.0.0.230.1886.0j11j1.12.0...0.0...1c.1.vZFxy01nQ-w&amp;psj=1&amp;bav=on.2,or.r_gc.r_pw.r_qf.&amp;fp=25691c8181321ba1&amp;biw=1920&amp;bih=982\" target=\"_blank\">google.ch<\/a> und <a href=\"http:\/\/www.google.de\/#hl=de&amp;gs_nf=1&amp;cp=9&amp;gs_id=2z&amp;xhr=t&amp;q=emil+staiger&amp;pf=p&amp;biw=1920&amp;bih=982&amp;sclient=psy-ab&amp;oq=emil+stai&amp;gs_l=&amp;pbx=1&amp;bav=on.2,or.r_gc.r_pw.r_qf.&amp;fp=d37e47789fbdee86\" target=\"_blank\">google.de<\/a> nach Emil Staiger gesucht, habe \u00fcber zwanzig Seiten durchgebl\u00e4ttert \u2013 und bin nie auf diesen Blog als Quelle gesto\u00dfen: das schien mir in der Tat auch logisch.<\/p>\n<p align=\"left\">Dann habe ich die Suche aber <a href=\"https:\/\/www.google.ch\/#q=emil+staiger&amp;hl=de&amp;tbo=1&amp;prmdo=1&amp;output=search&amp;source=lnt&amp;tbs=qdr:m&amp;sa=X&amp;ei=JHBMUIqwNqj24QSR9IG4Cw&amp;ved=0CAwQpwUoBDjIAQ&amp;bav=on.2,or.r_gc.r_pw.r_qf.&amp;fp=25691c8181321ba1&amp;biw=1920&amp;bih=982\" target=\"_blank\">auf den letzten Monat eingeschr\u00e4nkt<\/a> \u2013 und siehe da: jetzt taucht dieser Blog an sechster Stelle auf, noch vor dem Wikipedia-Eintrag von Peter von Matt \u2013 welche Ehre.<\/p>\n<p align=\"left\">In einem <a href=\"http:\/\/blog.kurtjakob.ch\/?p=939\" target=\"_blank\">Beitrag vor zwei Wochen<\/a> habe ich auf einen Artikel von Gottlieb E. H\u00f6pli in der NZZ am Sonntag Bezug genommen. In einem Auszug, den ich von H\u00f6pli zitiere, steht der Name Emil Staiger.<\/p>\n<p align=\"left\">Etwas sonderbar mutet es schon an, dass diese Quelle nachher pl\u00f6tzlich so prominent auf google erscheint. Klar ist aber, dass dieser Beitrag hier zuk\u00fcnftig auch auf google erscheinen wird unter dem Suchwort Staiger, immerhin habe ich den Namen jetzt mehrfach erw\u00e4hnt, obwohl ich absolut nichts \u00fcber Emil Staiger ausgesagt habe. Das werde ich vielleicht sp\u00e4ter vielleicht einmal nachholen, schlie\u00dflich habe ich mich vor vielen Jahren tats\u00e4chlich auch zu ihm schriftlich ge\u00e4u\u00dfert.<\/p>\n<p align=\"left\"><a href=\"http:\/\/blog.kurtjakob.ch\/wp-content\/uploads\/2012\/09\/1o0aqerw.jpg\"><img loading=\"lazy\" decoding=\"async\" style=\"background-image: none; border-right-width: 0px; padding-left: 0px; padding-right: 0px; display: inline; border-top-width: 0px; border-bottom-width: 0px; border-left-width: 0px; padding-top: 0px\" title=\"1o0aqerw\" border=\"0\" alt=\"1o0aqerw\" src=\"http:\/\/blog.kurtjakob.ch\/wp-content\/uploads\/2012\/09\/1o0aqerw_thumb.jpg\" width=\"393\" height=\"580\"><\/a><\/p>\n<p>Nachtrag:<\/p>\n<p>Eben habe ich festgestellt, dass die entsprechende google-Suche eingeschr\u00e4nkt auf den letzten Monat genau diesen Blogbeitrag an erster Stelle erw\u00e4hnt. Das geht aber tats\u00e4chlich sehr schnell.<\/p>\n<p><a href=\"http:\/\/blog.kurtjakob.ch\/wp-content\/uploads\/2012\/09\/jd54lu3j.jpg\"><img loading=\"lazy\" decoding=\"async\" style=\"background-image: none; border-bottom: 0px; border-left: 0px; padding-left: 0px; padding-right: 0px; display: inline; border-top: 0px; border-right: 0px; padding-top: 0px\" title=\"jd54lu3j\" border=\"0\" alt=\"jd54lu3j\" src=\"http:\/\/blog.kurtjakob.ch\/wp-content\/uploads\/2012\/09\/jd54lu3j_thumb.jpg\" width=\"351\" height=\"220\"><\/a><\/p>\n","protected":false},"excerpt":{"rendered":"<p>Eben habe ich einen Blick in die Statistik dieses Blogs geworfen \u2013 unter anderem auf die Suchbegriffe, die \u00fcber Suchmaschinen auf diesen Blog gef\u00fchrt haben. Da sto\u00dfe ich doch tats\u00e4chlich auf den Suchbegriff \u201cemil staiger\u201d.&nbsp; Mir war aber nicht bewusst, dass ich mich je \u00fcber Emil Staiger in diesem Blog ge\u00e4u\u00dfert habe. Im schulischen Umfeld [&hellip;]<\/p>\n","protected":false},"author":4,"featured_media":0,"comment_status":"open","ping_status":"open","sticky":false,"template":"","format":"standard","meta":{"footnotes":""},"categories":[1],"tags":[129,130],"class_list":["post-970","post","type-post","status-publish","format-standard","hentry","category-uncategorized","tag-recherche","tag-suchmaschinen"],"_links":{"self":[{"href":"https:\/\/kurtjakob.ch\/index.php?rest_route=\/wp\/v2\/posts\/970","targetHints":{"allow":["GET"]}}],"collection":[{"href":"https:\/\/kurtjakob.ch\/index.php?rest_route=\/wp\/v2\/posts"}],"about":[{"href":"https:\/\/kurtjakob.ch\/index.php?rest_route=\/wp\/v2\/types\/post"}],"author":[{"embeddable":true,"href":"https:\/\/kurtjakob.ch\/index.php?rest_route=\/wp\/v2\/users\/4"}],"replies":[{"embeddable":true,"href":"https:\/\/kurtjakob.ch\/index.php?rest_route=%2Fwp%2Fv2%2Fcomments&post=970"}],"version-history":[{"count":0,"href":"https:\/\/kurtjakob.ch\/index.php?rest_route=\/wp\/v2\/posts\/970\/revisions"}],"wp:attachment":[{"href":"https:\/\/kurtjakob.ch\/index.php?rest_route=%2Fwp%2Fv2%2Fmedia&parent=970"}],"wp:term":[{"taxonomy":"category","embeddable":true,"href":"https:\/\/kurtjakob.ch\/index.php?rest_route=%2Fwp%2Fv2%2Fcategories&post=970"},{"taxonomy":"post_tag","embeddable":true,"href":"https:\/\/kurtjakob.ch\/index.php?rest_route=%2Fwp%2Fv2%2Ftags&post=970"}],"curies":[{"name":"wp","href":"https:\/\/api.w.org\/{rel}","templated":true}]}}