{"id":97,"date":"2007-04-29T19:03:46","date_gmt":"2007-04-29T19:03:46","guid":{"rendered":"http:\/\/wp.kurtjakob.ch\/?p=97"},"modified":"2007-04-29T19:03:46","modified_gmt":"2007-04-29T19:03:46","slug":"mangelhafte-grammatik-kenntnisse-bei-germanistikstudenten","status":"publish","type":"post","link":"https:\/\/kurtjakob.ch\/?p=97","title":{"rendered":"Mangelhafte Grammatik-Kenntnisse bei Germanistikstudenten"},"content":{"rendered":"<blockquote><p>Katastrophale Ergebnisse brachte ein Test \u00fcber die Grundlagen der Schulgrammatik zutage, der im Wintersemester 2006\/2007 an allen bayerischen Universit\u00e4ten durchgef\u00fchrt wurde. Die Befragung von \u00fcber 1000 Studienanf\u00e4ngern im Fach Germanistik ergab ein schulgrammatisches Grundlagenwissen, das dem Stand von F\u00fcnft- und Sechstkl\u00e4sslern entspricht.<\/p><\/blockquote>\n<p><font size=\"3\">Dies kann man auf <a href=\"http:\/\/www.teachersnews.net\/te68\/index.nsf\/url\/E82CEC112E8F54CDC12572C0004B0682\" target=\"_blank\">TeachersNews<\/a> lesen. Nun fordert der bayrische Kultusminister prompt, dass der Umfang des Grammatikunterrichts in den Schulen erh\u00f6ht werden m\u00fcsse.<\/font> <\/p>\n<p><font size=\"3\">Auf der <\/font><a href=\"http:\/\/www.spiegel.de\/unispiegel\/studium\/0,1518,477841,00.html\" target=\"_blank\"><font size=\"3\">Spiegel-Seite<\/font><\/a><font size=\"3\">, die diese Meldung ebenfalls bringt, hat es einen Link, der direkt zu diesem Test f\u00fchrt. Es sind erstaunlich einfache Aufgaben; von Studenten der Germanistik d\u00fcrfte man eigentlich erwarten, dass sie die Wortarten und Satzglieder in\u00a0deutschen S\u00e4tzen\u00a0bestimmen k\u00f6nnen.<\/font><\/p>\n","protected":false},"excerpt":{"rendered":"<p>Katastrophale Ergebnisse brachte ein Test \u00fcber die Grundlagen der Schulgrammatik zutage, der im Wintersemester 2006\/2007 an allen bayerischen Universit\u00e4ten durchgef\u00fchrt wurde. Die Befragung von \u00fcber 1000 Studienanf\u00e4ngern im Fach Germanistik ergab ein schulgrammatisches Grundlagenwissen, das dem Stand von F\u00fcnft- und Sechstkl\u00e4sslern entspricht. Dies kann man auf TeachersNews lesen. Nun fordert der bayrische Kultusminister prompt, dass [&hellip;]<\/p>\n","protected":false},"author":3,"featured_media":0,"comment_status":"open","ping_status":"open","sticky":false,"template":"","format":"standard","meta":{"footnotes":""},"categories":[1],"tags":[64,40],"class_list":["post-97","post","type-post","status-publish","format-standard","hentry","category-uncategorized","tag-grammatik","tag-schule"],"_links":{"self":[{"href":"https:\/\/kurtjakob.ch\/index.php?rest_route=\/wp\/v2\/posts\/97","targetHints":{"allow":["GET"]}}],"collection":[{"href":"https:\/\/kurtjakob.ch\/index.php?rest_route=\/wp\/v2\/posts"}],"about":[{"href":"https:\/\/kurtjakob.ch\/index.php?rest_route=\/wp\/v2\/types\/post"}],"author":[{"embeddable":true,"href":"https:\/\/kurtjakob.ch\/index.php?rest_route=\/wp\/v2\/users\/3"}],"replies":[{"embeddable":true,"href":"https:\/\/kurtjakob.ch\/index.php?rest_route=%2Fwp%2Fv2%2Fcomments&post=97"}],"version-history":[{"count":0,"href":"https:\/\/kurtjakob.ch\/index.php?rest_route=\/wp\/v2\/posts\/97\/revisions"}],"wp:attachment":[{"href":"https:\/\/kurtjakob.ch\/index.php?rest_route=%2Fwp%2Fv2%2Fmedia&parent=97"}],"wp:term":[{"taxonomy":"category","embeddable":true,"href":"https:\/\/kurtjakob.ch\/index.php?rest_route=%2Fwp%2Fv2%2Fcategories&post=97"},{"taxonomy":"post_tag","embeddable":true,"href":"https:\/\/kurtjakob.ch\/index.php?rest_route=%2Fwp%2Fv2%2Ftags&post=97"}],"curies":[{"name":"wp","href":"https:\/\/api.w.org\/{rel}","templated":true}]}}