{"id":962,"date":"2012-09-03T21:27:43","date_gmt":"2012-09-03T19:27:43","guid":{"rendered":"http:\/\/blog.kurtjakob.ch\/?p=962"},"modified":"2012-09-03T21:27:43","modified_gmt":"2012-09-03T19:27:43","slug":"freie-schulwahl-fr-gymnasiasten","status":"publish","type":"post","link":"https:\/\/kurtjakob.ch\/?p=962","title":{"rendered":"Freie Schulwahl f&#252;r Gymnasiasten"},"content":{"rendered":"<p><a href=\"http:\/\/blog.kurtjakob.ch\/wp-content\/uploads\/2012\/09\/image.png\"><img loading=\"lazy\" decoding=\"async\" style=\"background-image: none; padding-left: 0px; padding-right: 0px; display: inline; padding-top: 0px; border-width: 0px;\" title=\"image\" src=\"http:\/\/blog.kurtjakob.ch\/wp-content\/uploads\/2012\/09\/image_thumb.png\" alt=\"image\" width=\"368\" height=\"150\" border=\"0\" \/><\/a><\/p>\n<p align=\"left\">Im Zuge einer \u00d6konomisierung der staatlichen Schulen plant man nun also eine Art Schulfreiheit f\u00fcr Mittelschulen im Bildungsraum Nordwestschweiz. So konnte man in der Zeitung &#8222;Der Sonntag&#8220; vom 2.9.12 folgende Schlagzeile lesen:<\/p>\n<blockquote>\n<p align=\"left\">Beschluss f\u00fcr freiere Schulwahl ist gefasst.<\/p>\n<\/blockquote>\n<p>Im folgenden Text steht dann:<\/p>\n<blockquote>\n<p align=\"left\">Idee ist, dass alle Sch\u00fcler ihr Gymnasium beziehungsweise ihre Kantonsschule aussuchen k\u00f6nnen.<\/p>\n<\/blockquote>\n<p>Interessant scheint mir, dass dieser Satz in den Online-Ausgaben der <a href=\"http:\/\/www.solothurnerzeitung.ch\/aargau\/kanton-aargau\/kantischueler-duerfen-waehlen-welches-gymnasium-sie-besuchen-moechten-125114633\">Solothurner Zeitung<\/a> und der <a href=\"http:\/\/www.aargauerzeitung.ch\/aargau\/kanton-aargau\/aargauer-kantischueler-duerfen-waehlen-welches-gymnasium-sie-besuchen-moechten-125114633\">Aargauer-Zeitung<\/a>fehlt. Dort steht lediglich, dass es sich um ein Pilotprojekt handle.<\/p>\n<p align=\"left\">In der <a href=\"http:\/\/www.bzbasel.ch\/basel\/kanton-baselland-baselstadt\/beschluss-fuer-freiere-schulwahl-ist-gefasst-125115192\">Basler-Zeitung<\/a> steht es dann allerdings klar in der Schlagzeile:<\/p>\n<blockquote>\n<p align=\"left\">Beschluss f\u00fcr freiere Schulwahl ist gefasst<br \/>\n&#8230;<br \/>\nAb 2014 k\u00f6nnen alle Sch\u00fcler w\u00e4hlen, welches Gymnasium in der Nordwestschweiz sie besuchen m\u00f6chten.<\/p>\n<\/blockquote>\n<p align=\"left\">Inhaltlich sind die Artikel sonst identisch, da sie alle von der gleichen Autorin stammen. Im Artikel wird schlie\u00dflich auf die Argumentation der Bef\u00fcrworter einer solchen L\u00f6sung eingegangen.<\/p>\n<blockquote>\n<p align=\"left\">Pierre Felder, Leiter Volksschulen im Basler Erziehungsdepartement, gibt unumwunden zu, dass man sich von einem gem\u00e4ssigten Wettbewerb zwischen den Schulen auch eine Qualit\u00e4tssteigerung erhoffe.<\/p>\n<\/blockquote>\n<p align=\"left\">Konkurrenz bringt also Qualit\u00e4tssteigerung, genau wie in der Privatwirtschaft.<\/p>\n<p>In der Solothurner-Zeitung vom 29.8.12 wird allerdings in einem <a href=\"http:\/\/www.aargauerzeitung.ch\/aargau\/kanton-aargau\/kein-weiterer-ausbau-bei-schwerpunktfaechern-an-basler-gymnasien-125094448\">Artikel<\/a>ein ganz anderes Bild dieser Konkurrenzsituation unter Schulen dargestellt.<\/p>\n<p align=\"left\">Dort lesen wir, dass man in Basler Gymnasien fortan nicht mehr frei entscheiden kann, welche Schwerpunktf\u00e4cher die Schule anbieten will.<\/p>\n<blockquote>\n<p align=\"left\">Um alle f\u00fcnf bestehende Standorte trotz sinkender Sch\u00fclerz\u00e4hlen zu sichern, soll das Schwerpunktf\u00e4cher-Angebot eingeschr\u00e4nkt werden.<br \/>\n\u2026<br \/>\nDiese Massnahme soll dazu f\u00fchren, dass sich Sch\u00fclerinnen und Sch\u00fcler k\u00fcnftig wieder einigermassen ausgewogen auf alle Gymnasien verteilen, wie das Erziehungsdepartement (ED) am Mittwoch bekanntgab. An der freien Wahl von Schule und Schwerpunktfach soll nicht ger\u00fcttelt werden, wie Hans Georg Signer, Leiter Bildung im ED, vor den Medien versicherte.<\/p>\n<\/blockquote>\n<p align=\"left\">Der freie Wettbewerb soll also klar eingegrenzt werden. Die Sch\u00fclerinnen und Sch\u00fcler d\u00fcrfen also frei w\u00e4hlen, die Schulen sind aber nicht frei in der Gestaltung ihres Angebotes.<\/p>\n<p align=\"left\">Freie Wahl der Schule bedeutet aber aus der Sicht der Schule Freiheit in der Gestaltung ihres Angebotes. Das w\u00e4re dann die wirkliche Freiheit. Das aber macht den Basler Beh\u00f6rden wohl doch etwas Bauchweh.<\/p>\n","protected":false},"excerpt":{"rendered":"<p>Im Zuge einer \u00d6konomisierung der staatlichen Schulen plant man nun also eine Art Schulfreiheit f\u00fcr Mittelschulen im Bildungsraum Nordwestschweiz. So konnte man in der Zeitung &#8222;Der Sonntag&#8220; vom 2.9.12 folgende Schlagzeile lesen: Beschluss f\u00fcr freiere Schulwahl ist gefasst. Im folgenden Text steht dann: Idee ist, dass alle Sch\u00fcler ihr Gymnasium beziehungsweise ihre Kantonsschule aussuchen k\u00f6nnen. [&hellip;]<\/p>\n","protected":false},"author":4,"featured_media":0,"comment_status":"open","ping_status":"open","sticky":false,"template":"","format":"standard","meta":{"footnotes":""},"categories":[1],"tags":[128,40],"class_list":["post-962","post","type-post","status-publish","format-standard","hentry","category-uncategorized","tag-politik","tag-schule"],"_links":{"self":[{"href":"https:\/\/kurtjakob.ch\/index.php?rest_route=\/wp\/v2\/posts\/962","targetHints":{"allow":["GET"]}}],"collection":[{"href":"https:\/\/kurtjakob.ch\/index.php?rest_route=\/wp\/v2\/posts"}],"about":[{"href":"https:\/\/kurtjakob.ch\/index.php?rest_route=\/wp\/v2\/types\/post"}],"author":[{"embeddable":true,"href":"https:\/\/kurtjakob.ch\/index.php?rest_route=\/wp\/v2\/users\/4"}],"replies":[{"embeddable":true,"href":"https:\/\/kurtjakob.ch\/index.php?rest_route=%2Fwp%2Fv2%2Fcomments&post=962"}],"version-history":[{"count":0,"href":"https:\/\/kurtjakob.ch\/index.php?rest_route=\/wp\/v2\/posts\/962\/revisions"}],"wp:attachment":[{"href":"https:\/\/kurtjakob.ch\/index.php?rest_route=%2Fwp%2Fv2%2Fmedia&parent=962"}],"wp:term":[{"taxonomy":"category","embeddable":true,"href":"https:\/\/kurtjakob.ch\/index.php?rest_route=%2Fwp%2Fv2%2Fcategories&post=962"},{"taxonomy":"post_tag","embeddable":true,"href":"https:\/\/kurtjakob.ch\/index.php?rest_route=%2Fwp%2Fv2%2Ftags&post=962"}],"curies":[{"name":"wp","href":"https:\/\/api.w.org\/{rel}","templated":true}]}}