{"id":95,"date":"2007-04-29T18:15:14","date_gmt":"2007-04-29T18:15:14","guid":{"rendered":"http:\/\/wp.kurtjakob.ch\/?p=95"},"modified":"2021-05-03T17:42:13","modified_gmt":"2021-05-03T17:42:13","slug":"alle-jahre-wieder-abiturarbeiten-gestohlen","status":"publish","type":"post","link":"https:\/\/kurtjakob.ch\/?p=95","title":{"rendered":"Alle Jahre wieder &#8211; Abiturarbeiten gestohlen"},"content":{"rendered":"<p><span style=\"font-size: medium;\">So schnell vergeht ein Jahr &#8211; vor einem Jahr habe ich diesen Blog mit einer <a href=\"http:\/\/blog.kurtjakob.ch\/index.php?\/archives\/1-Sachen-gibts-....html\">kurzen Meldung<\/a> zu eben diesem Thema begonnen. Und jetzt also wieder.<\/span><\/p>\n<p><span style=\"font-size: medium;\">In der K\u00f6lnischen Rundschau vom 19.4.07 steht Folgendes:<\/span><\/p>\n<p>&nbsp;<\/p>\n<blockquote><p>Wie Dirk Schneemann, Sprecher der K\u00f6lner Bezirksregierung, berichtete, hatte die P\u00e4dagogin die Klausuren mit in die Osterferien nehmen wollen, um sie zu korrigieren. Ein Unbekannter habe ihr dann aber w\u00e4hrend der Zugfahrt ihre Tasche mitsamt den Klausuren gestohlen. Zum Gl\u00fcck hatte sie die Englischarbeiten zuvor vollst\u00e4ndig kopiert. Dachte sie zumindest. Bei den sieben Betroffenen fehlten aber einige Seiten, so dass nach R\u00fccksprache mit dem Schulministerium in D\u00fcsseldorf entschieden worden sei, dass sie nicht gewertet werden k\u00f6nnen und nachgeschrieben werden m\u00fcssen.<\/p><\/blockquote>\n<p><span style=\"font-size: medium;\">Gelesen habe ich die Nachricht im <a href=\"http:\/\/www.lehrerfreund.de\/in\/schule\/1s\/gestohlene-abiklausuren-2007\/\" target=\"_blank\" rel=\"noopener\">Lehrerfreund<\/a>.<\/span><\/p>\n","protected":false},"excerpt":{"rendered":"<p>So schnell vergeht ein Jahr &#8211; vor einem Jahr habe ich diesen Blog mit einer kurzen Meldung zu eben diesem Thema begonnen. Und jetzt also wieder. In der K\u00f6lnischen Rundschau vom 19.4.07 steht Folgendes: &nbsp; Wie Dirk Schneemann, Sprecher der K\u00f6lner Bezirksregierung, berichtete, hatte die P\u00e4dagogin die Klausuren mit in die Osterferien nehmen wollen, um [&hellip;]<\/p>\n","protected":false},"author":3,"featured_media":0,"comment_status":"open","ping_status":"open","sticky":false,"template":"","format":"standard","meta":{"footnotes":""},"categories":[210],"tags":[40,4],"class_list":["post-95","post","type-post","status-publish","format-standard","hentry","category-na-so-was","tag-schule","tag-schulischer-alltag"],"_links":{"self":[{"href":"https:\/\/kurtjakob.ch\/index.php?rest_route=\/wp\/v2\/posts\/95","targetHints":{"allow":["GET"]}}],"collection":[{"href":"https:\/\/kurtjakob.ch\/index.php?rest_route=\/wp\/v2\/posts"}],"about":[{"href":"https:\/\/kurtjakob.ch\/index.php?rest_route=\/wp\/v2\/types\/post"}],"author":[{"embeddable":true,"href":"https:\/\/kurtjakob.ch\/index.php?rest_route=\/wp\/v2\/users\/3"}],"replies":[{"embeddable":true,"href":"https:\/\/kurtjakob.ch\/index.php?rest_route=%2Fwp%2Fv2%2Fcomments&post=95"}],"version-history":[{"count":1,"href":"https:\/\/kurtjakob.ch\/index.php?rest_route=\/wp\/v2\/posts\/95\/revisions"}],"predecessor-version":[{"id":2827,"href":"https:\/\/kurtjakob.ch\/index.php?rest_route=\/wp\/v2\/posts\/95\/revisions\/2827"}],"wp:attachment":[{"href":"https:\/\/kurtjakob.ch\/index.php?rest_route=%2Fwp%2Fv2%2Fmedia&parent=95"}],"wp:term":[{"taxonomy":"category","embeddable":true,"href":"https:\/\/kurtjakob.ch\/index.php?rest_route=%2Fwp%2Fv2%2Fcategories&post=95"},{"taxonomy":"post_tag","embeddable":true,"href":"https:\/\/kurtjakob.ch\/index.php?rest_route=%2Fwp%2Fv2%2Ftags&post=95"}],"curies":[{"name":"wp","href":"https:\/\/api.w.org\/{rel}","templated":true}]}}