{"id":928,"date":"2012-09-01T00:45:00","date_gmt":"2012-08-31T22:45:00","guid":{"rendered":"http:\/\/blog.kurtjakob.ch\/?p=928"},"modified":"2021-05-10T20:37:07","modified_gmt":"2021-05-10T20:37:07","slug":"microsoft-stellt-den-live-writer-ein","status":"publish","type":"post","link":"https:\/\/kurtjakob.ch\/?p=928","title":{"rendered":"Microsoft stellt den Live Writer ein"},"content":{"rendered":"<div id=\"scid:0E22F29F-1D77-4799-8869-F298745B9709:c739ed07-2d67-45e8-aa87-0b57a4bb8c37\" class=\"wlWriterEditableSmartContent\" style=\"margin: 0px; display: inline; float: none; padding: 0px;\"><img decoding=\"async\" src=\"http:\/\/blog.kurtjakob.ch\/wp-content\/uploads\/2012\/08\/201208251736220427.jpg\" alt=\"\" \/><\/div>\n<p align=\"left\">Ich habe mich eben auf dem <a href=\"http:\/\/www.live-writer.de\/\" target=\"_blank\" rel=\"noopener\">Blog von Windows Live Writer<\/a> umgesehen: Offenbar will Microsoft den LiveWriter einstellen. So zumindest kann man es im <a href=\"http:\/\/www.live-writer.de\/rettet-den-live-writer\/\" target=\"_blank\" rel=\"noopener\">neuesten Blogeintrag<\/a> lesen. Um Microsofot vielleicht doch noch zu bewegen, auf diesen Entschluss zur\u00fcckzukommen, hat der Plugin-Programmierer Scott Lovegrov eine <a href=\"http:\/\/www.petitionbuzz.com\/petitions\/dontkillwlw\" target=\"_blank\" rel=\"noopener\">Petition<\/a> lanciert.<\/p>\n<p align=\"left\">Darin wird von Microsoft verlangt entweder den LiveWriter als ein metro style app f\u00fcr Windows 8 herauszugeben oder aber den Code freizugeben.<\/p>\n<blockquote>\n<p align=\"left\">Make Live Writer open source, this way the community themselves can keep Live Writer going and keep it fresh.<\/p>\n<\/blockquote>\n<p align=\"left\">Auf diesen Beitrag im Blog gibt es \u00fcbrigens nur zwei Kommentatoren, die mit dem Blog-Betreiber dar\u00fcber diskutieren. \u00dcberhaupt ist nicht nur der LiveWriter eingeschlafen, sondern auch dieser Blog.<\/p>\n<p align=\"left\">Die letzten Beitr\u00e4ge auf dem Blog stammen vom 1. Mai 2012, dem 22.2.2012 und vom 13.2.2011, dann geht es bereits weitere ins Jahr 2010 zur\u00fcck.<\/p>\n<p align=\"left\">Ebenso wenig l\u00e4uft bei den offiziellen Plugins.<\/p>\n<p align=\"left\"><a href=\"http:\/\/blog.kurtjakob.ch\/wp-content\/uploads\/2012\/08\/fjcapld2.jpg\"><img loading=\"lazy\" decoding=\"async\" style=\"background-image: none; padding-left: 0px; padding-right: 0px; display: inline; padding-top: 0px; border: 0px;\" title=\"fjcapld2\" src=\"http:\/\/blog.kurtjakob.ch\/wp-content\/uploads\/2012\/08\/fjcapld2_thumb.jpg\" alt=\"fjcapld2\" width=\"159\" height=\"73\" border=\"0\" \/><\/a><\/p>\n<p>Dr\u00fcckt man bei laufendem LiveWriter im Menu den Button \u201cPlug-In hinzuf\u00fcgen\u201d, dann landet man auf der offiziellen Microsoft-Seite. L\u00e4sst man sich die Liste nach den letzten aktualisierten Plugins anzeigen, dann ist das Bild nicht besser:<\/p>\n<p><a href=\"http:\/\/plugins.live.com\/writer\/browse?orderby=recentlyupdated&amp;page=1\" target=\"_blank\" rel=\"noopener\"><img loading=\"lazy\" decoding=\"async\" style=\"background-image: none; padding-left: 0px; padding-right: 0px; display: inline; padding-top: 0px; border: 0px;\" title=\"ju1u2w30\" src=\"http:\/\/blog.kurtjakob.ch\/wp-content\/uploads\/2012\/08\/ju1u2w30.jpg\" alt=\"ju1u2w30\" width=\"336\" height=\"329\" border=\"0\" \/><\/a><\/p>\n<p>Vier Updates vom Februar 2012, dann geht es bis August 2011 zur\u00fcck.<\/p>\n<p><a href=\"http:\/\/www.liveside.net\/2012\/07\/16\/office-15-is-the-end-near-for-windows-live-writer\/\" target=\"_blank\" rel=\"noopener\">Das Ende\u00a0 war wohl absehbar<\/a>.<\/p>\n<h6 class=\"zemanta-related-title\" style=\"font-size: 1em;\">Related articles<\/h6>\n<ul class=\"zemanta-article-ul\">\n<li class=\"zemanta-article-ul-li\"><a href=\"http:\/\/www.makeuseof.com\/tag\/4-alternatives-to-windows-live-writer-for-blogging\/\" target=\"_blank\" rel=\"noopener\">4 Alternatives To Windows Live Writer For Blogging<\/a> (makeuseof.com)<\/li>\n<li class=\"zemanta-article-ul-li\"><a href=\"http:\/\/www.liveside.net\/2012\/07\/16\/office-15-is-the-end-near-for-windows-live-writer\/\" target=\"_blank\" rel=\"noopener\">Office 15 &#8211; is the end near for Windows Live Writer?<\/a> (liveside.net)<\/li>\n<li class=\"zemanta-article-ul-li\"><a href=\"http:\/\/www.liveside.net\/2012\/07\/16\/more-on-windows-live-writer-office-2013-and-reading-the-tea-leaves\/\" target=\"_blank\" rel=\"noopener\">More on Windows Live Writer, Office 2013, and reading the tea leaves<\/a> (liveside.net)<\/li>\n<li class=\"zemanta-article-ul-li\"><a href=\"http:\/\/www.lehsys.com\/2012\/08\/windows-live-writer-2012-released-nothing-is-new-or-fixed\/\" target=\"_blank\" rel=\"noopener\">Windows Live Writer 2012 Released &#8211; Nothing is new or fixed.<\/a> (lehsys.com)<\/li>\n<\/ul>\n<div class=\"zemanta-pixie\" style=\"margin-top: 10px; height: 15px;\"><a class=\"zemanta-pixie-a\" title=\"Enhanced by Zemanta\" href=\"http:\/\/www.zemanta.com\/?px\"><img decoding=\"async\" class=\"zemanta-pixie-img\" style=\"border: none; float: right;\" src=\"http:\/\/img.zemanta.com\/zemified_h.png?x-id=3b8d187b-5e0d-4a4d-a000-4b69adacadd2\" alt=\"Enhanced by Zemanta\" \/><\/a><\/div>\n","protected":false},"excerpt":{"rendered":"<p>Ich habe mich eben auf dem Blog von Windows Live Writer umgesehen: Offenbar will Microsoft den LiveWriter einstellen. So zumindest kann man es im neuesten Blogeintrag lesen. Um Microsofot vielleicht doch noch zu bewegen, auf diesen Entschluss zur\u00fcckzukommen, hat der Plugin-Programmierer Scott Lovegrov eine Petition lanciert. Darin wird von Microsoft verlangt entweder den LiveWriter als [&hellip;]<\/p>\n","protected":false},"author":4,"featured_media":0,"comment_status":"open","ping_status":"open","sticky":false,"template":"","format":"standard","meta":{"footnotes":""},"categories":[172,171],"tags":[2,15],"class_list":["post-928","post","type-post","status-publish","format-standard","hentry","category-blogging","category-software","tag-blog","tag-software"],"_links":{"self":[{"href":"https:\/\/kurtjakob.ch\/index.php?rest_route=\/wp\/v2\/posts\/928","targetHints":{"allow":["GET"]}}],"collection":[{"href":"https:\/\/kurtjakob.ch\/index.php?rest_route=\/wp\/v2\/posts"}],"about":[{"href":"https:\/\/kurtjakob.ch\/index.php?rest_route=\/wp\/v2\/types\/post"}],"author":[{"embeddable":true,"href":"https:\/\/kurtjakob.ch\/index.php?rest_route=\/wp\/v2\/users\/4"}],"replies":[{"embeddable":true,"href":"https:\/\/kurtjakob.ch\/index.php?rest_route=%2Fwp%2Fv2%2Fcomments&post=928"}],"version-history":[{"count":1,"href":"https:\/\/kurtjakob.ch\/index.php?rest_route=\/wp\/v2\/posts\/928\/revisions"}],"predecessor-version":[{"id":2962,"href":"https:\/\/kurtjakob.ch\/index.php?rest_route=\/wp\/v2\/posts\/928\/revisions\/2962"}],"wp:attachment":[{"href":"https:\/\/kurtjakob.ch\/index.php?rest_route=%2Fwp%2Fv2%2Fmedia&parent=928"}],"wp:term":[{"taxonomy":"category","embeddable":true,"href":"https:\/\/kurtjakob.ch\/index.php?rest_route=%2Fwp%2Fv2%2Fcategories&post=928"},{"taxonomy":"post_tag","embeddable":true,"href":"https:\/\/kurtjakob.ch\/index.php?rest_route=%2Fwp%2Fv2%2Ftags&post=928"}],"curies":[{"name":"wp","href":"https:\/\/api.w.org\/{rel}","templated":true}]}}