{"id":9,"date":"2006-05-22T17:17:07","date_gmt":"2006-05-22T17:17:07","guid":{"rendered":"http:\/\/wp.kurtjakob.ch\/?p=9"},"modified":"2020-01-25T17:08:13","modified_gmt":"2020-01-25T17:08:13","slug":"wertvolle-ba%c2%bccher-aus-weimar-gehen-online","status":"publish","type":"post","link":"https:\/\/kurtjakob.ch\/?p=9","title":{"rendered":"Wertvolle B\u00fccher aus Weimar gehen online"},"content":{"rendered":"<blockquote dir=\"ltr\" style=\"margin-right: 0px;\"><p><img loading=\"lazy\" decoding=\"async\" style=\"width: 184px; height: 269px;\" src=\"http:\/\/blog.kurtjakob.ch\/uploads\/Daten\/RokokosaalMichaelis.jpg\" alt=\"\" width=\"184\" height=\"269\" border=\"0\" hspace=\"0\" \/><\/p><\/blockquote>\n<p><span style=\"font-size: medium;\">Gem\u00e4ss einem Artikel in der Netzzeitung werden ab dem 23. Mai erste B\u00fccher der Anna-Amalia-Bibliothek in Weimar \u00fcber das Internet zug\u00e4nglich sein. Diese\u00a0 Bibliothek beherbergt die gr\u00f6sste Faust-Sammlung der Welt.<\/span><\/p>\n<p><a href=\"https:\/\/www.klassik-stiftung.de\/forschung\/forschungsaktivitaeten\/erschliessung-der-faust-sammlung\/\"><span style=\"font-size: medium;\">https:\/\/www.klassik-stiftung.de\/forschung\/forschungsaktivitaeten\/erschliessung-der-faust-sammlung\/http:\/\/www.netzeitung.de\/internet\/399690.html<\/span><\/a><\/p>\n<p><span style=\"font-size: medium;\">Diese Biblothek wird im Moment nach einem verheerenden Brand vom 2. September 2004 renoviert.<\/span><\/p>\n<p><a href=\"http:\/\/www.klassik-stiftung.de\/gaab\/\"><span style=\"font-size: medium;\">http:\/\/www.klassik-stiftung.de\/<\/span><\/a><\/p>\n<p><span style=\"color: #000000; font-size: medium;\">Nachtrag: Auf die Datenbanken der Klassik Stiftung Weimar kann man <\/span><a href=\"http:\/\/www.klassik-stiftung.de\/forschung\/online-datenbanken.html\"><span style=\"color: #0000cc; font-size: medium;\">hier<\/span><\/a><span style=\"color: #000000; font-size: medium;\"> zugreifen.<\/span><\/p>\n<p><span style=\"font-size: medium;\">&#8222;Drei Jahre nach dem schweren Brand wird die wieder sanierte Herzogin Anna Amalia Bibliothek in Weimar am 24. Oktober wiederer\u00f6ffnet.&#8220; Das lesen wir im <del><span style=\"color: #0000ff;\"><a href=\"http:\/\/www.boersenblatt.net\/137745\/\" target=\"_blank\" rel=\"noopener noreferrer\">b\u00f6rsenblatt<\/a><\/span><\/del>. (Link nicht mehr g\u00fcltig)<\/span><\/p>\n<p><a href=\"https:\/\/www.boersenblatt.net\/2007-10-24-artikel-anna_amalia_wird_heute_wiedereroeffnet-bibliotheken.170561.html\">https:\/\/www.boersenblatt.net\/2007-10-24-artikel-anna_amalia_wird_heute_wiedereroeffnet-bibliotheken.170561.html<\/a><\/p>\n","protected":false},"excerpt":{"rendered":"<p>Gem\u00e4ss einem Artikel in der Netzzeitung werden ab dem 23. Mai erste B\u00fccher der Anna-Amalia-Bibliothek in Weimar \u00fcber das Internet zug\u00e4nglich sein. Diese\u00a0 Bibliothek beherbergt die gr\u00f6sste Faust-Sammlung der Welt. https:\/\/www.klassik-stiftung.de\/forschung\/forschungsaktivitaeten\/erschliessung-der-faust-sammlung\/http:\/\/www.netzeitung.de\/internet\/399690.html Diese Biblothek wird im Moment nach einem verheerenden Brand vom 2. September 2004 renoviert. http:\/\/www.klassik-stiftung.de\/ Nachtrag: Auf die Datenbanken der Klassik Stiftung Weimar kann [&hellip;]<\/p>\n","protected":false},"author":3,"featured_media":0,"comment_status":"open","ping_status":"open","sticky":false,"template":"","format":"standard","meta":{"footnotes":""},"categories":[1],"tags":[7],"class_list":["post-9","post","type-post","status-publish","format-standard","hentry","category-uncategorized","tag-bibliotheken"],"_links":{"self":[{"href":"https:\/\/kurtjakob.ch\/index.php?rest_route=\/wp\/v2\/posts\/9","targetHints":{"allow":["GET"]}}],"collection":[{"href":"https:\/\/kurtjakob.ch\/index.php?rest_route=\/wp\/v2\/posts"}],"about":[{"href":"https:\/\/kurtjakob.ch\/index.php?rest_route=\/wp\/v2\/types\/post"}],"author":[{"embeddable":true,"href":"https:\/\/kurtjakob.ch\/index.php?rest_route=\/wp\/v2\/users\/3"}],"replies":[{"embeddable":true,"href":"https:\/\/kurtjakob.ch\/index.php?rest_route=%2Fwp%2Fv2%2Fcomments&post=9"}],"version-history":[{"count":2,"href":"https:\/\/kurtjakob.ch\/index.php?rest_route=\/wp\/v2\/posts\/9\/revisions"}],"predecessor-version":[{"id":2345,"href":"https:\/\/kurtjakob.ch\/index.php?rest_route=\/wp\/v2\/posts\/9\/revisions\/2345"}],"wp:attachment":[{"href":"https:\/\/kurtjakob.ch\/index.php?rest_route=%2Fwp%2Fv2%2Fmedia&parent=9"}],"wp:term":[{"taxonomy":"category","embeddable":true,"href":"https:\/\/kurtjakob.ch\/index.php?rest_route=%2Fwp%2Fv2%2Fcategories&post=9"},{"taxonomy":"post_tag","embeddable":true,"href":"https:\/\/kurtjakob.ch\/index.php?rest_route=%2Fwp%2Fv2%2Ftags&post=9"}],"curies":[{"name":"wp","href":"https:\/\/api.w.org\/{rel}","templated":true}]}}