{"id":84,"date":"2007-04-05T20:56:46","date_gmt":"2007-04-05T20:56:46","guid":{"rendered":"http:\/\/wp.kurtjakob.ch\/?p=84"},"modified":"2007-04-05T20:56:46","modified_gmt":"2007-04-05T20:56:46","slug":"springer-chef-will-papier-abschaffen","status":"publish","type":"post","link":"https:\/\/kurtjakob.ch\/?p=84","title":{"rendered":"Springer-Chef will Papier abschaffen"},"content":{"rendered":"<blockquote><p><span style=\"font-size: small;\">Springer-Chef Mathias D\u00f6pfner hat Papier als Informationsmedium abgeschrieben. Er k\u00f6nne es gar nicht abwarten, dass onlinebasierte elektronische Ger\u00e4te das Papier ersetzten und Druck und Vertrieb \u00fcberfl\u00fcssig machen.<\/span><\/p><\/blockquote>\n<p><span style=\"font-size: medium;\">F\u00fcr mich ist erstaunlich, dass dies der Chef eines solchen Medienkonzerns sagt. In Zukunft also eine papierlose Zeitung?<\/span> <a href=\"http:\/\/www.ftd.de\/technik\/medien_internet\/:Springer%20Chef%20Papier\/181402.html\" target=\"_blank\"><span style=\"color: #0000ff; font-size: medium;\">Hier<\/span><\/a><span style=\"font-size: medium;\"> findet man den entsprechenden Artikel.<\/span><\/p>\n","protected":false},"excerpt":{"rendered":"<p>Springer-Chef Mathias D\u00f6pfner hat Papier als Informationsmedium abgeschrieben. Er k\u00f6nne es gar nicht abwarten, dass onlinebasierte elektronische Ger\u00e4te das Papier ersetzten und Druck und Vertrieb \u00fcberfl\u00fcssig machen. F\u00fcr mich ist erstaunlich, dass dies der Chef eines solchen Medienkonzerns sagt. In Zukunft also eine papierlose Zeitung? Hier findet man den entsprechenden Artikel.<\/p>\n","protected":false},"author":3,"featured_media":0,"comment_status":"open","ping_status":"open","sticky":false,"template":"","format":"standard","meta":{"footnotes":""},"categories":[1],"tags":[33,3],"class_list":["post-84","post","type-post","status-publish","format-standard","hentry","category-uncategorized","tag-12-medien","tag-papier"],"_links":{"self":[{"href":"https:\/\/kurtjakob.ch\/index.php?rest_route=\/wp\/v2\/posts\/84","targetHints":{"allow":["GET"]}}],"collection":[{"href":"https:\/\/kurtjakob.ch\/index.php?rest_route=\/wp\/v2\/posts"}],"about":[{"href":"https:\/\/kurtjakob.ch\/index.php?rest_route=\/wp\/v2\/types\/post"}],"author":[{"embeddable":true,"href":"https:\/\/kurtjakob.ch\/index.php?rest_route=\/wp\/v2\/users\/3"}],"replies":[{"embeddable":true,"href":"https:\/\/kurtjakob.ch\/index.php?rest_route=%2Fwp%2Fv2%2Fcomments&post=84"}],"version-history":[{"count":0,"href":"https:\/\/kurtjakob.ch\/index.php?rest_route=\/wp\/v2\/posts\/84\/revisions"}],"wp:attachment":[{"href":"https:\/\/kurtjakob.ch\/index.php?rest_route=%2Fwp%2Fv2%2Fmedia&parent=84"}],"wp:term":[{"taxonomy":"category","embeddable":true,"href":"https:\/\/kurtjakob.ch\/index.php?rest_route=%2Fwp%2Fv2%2Fcategories&post=84"},{"taxonomy":"post_tag","embeddable":true,"href":"https:\/\/kurtjakob.ch\/index.php?rest_route=%2Fwp%2Fv2%2Ftags&post=84"}],"curies":[{"name":"wp","href":"https:\/\/api.w.org\/{rel}","templated":true}]}}