{"id":814,"date":"2012-08-03T00:14:17","date_gmt":"2012-08-02T22:14:17","guid":{"rendered":"http:\/\/blog.kurtjakob.ch\/?p=814"},"modified":"2012-08-03T00:14:17","modified_gmt":"2012-08-02T22:14:17","slug":"bestseller-nr-1-vergriffen","status":"publish","type":"post","link":"https:\/\/kurtjakob.ch\/?p=814","title":{"rendered":"Bestseller Nr. 1 vergriffen"},"content":{"rendered":"<p align=\"left\">Anfang dieser Woche sah ich in einem Buchladen dieses Bild:<\/p>\n<p align=\"left\"><a href=\"http:\/\/blog.kurtjakob.ch\/wp-content\/uploads\/2012\/08\/edbdytbu.jpg\"><img loading=\"lazy\" decoding=\"async\" style=\"background-image: none; padding-left: 0px; padding-right: 0px; display: inline; padding-top: 0px; border-width: 0px;\" title=\"edbdytbu\" src=\"http:\/\/blog.kurtjakob.ch\/wp-content\/uploads\/2012\/08\/edbdytbu_thumb.jpg\" alt=\"edbdytbu\" width=\"483\" height=\"202\" border=\"0\" \/><\/a><\/p>\n<p align=\"left\">Platz 1: vergriffen \u2013 was wohl fehlt?<\/p>\n<p align=\"left\">Platz 2: <a href=\"http:\/\/www.amazon.de\/gp\/product\/B007A588PC\/ref=as_li_ss_tl?ie=UTF8&amp;camp=1638&amp;creative=19454&amp;creativeASIN=B007A588PC&amp;linkCode=as2&amp;tag=httpblogkurtj-21\" target=\"_blank\">Lucinda Riley: Das M\u00e4dchen auf den Klippen<\/a><\/p>\n<p align=\"left\">Platz 3. <a href=\"http:\/\/www.amazon.de\/gp\/product\/B004WOX4NU\/ref=as_li_ss_tl?ie=UTF8&amp;camp=1638&amp;creative=19454&amp;creativeASIN=B004WOX4NU&amp;linkCode=as2&amp;tag=httpblogkurtj-21\" target=\"_blank\">Wolfgang Herrndorf: Tschick<\/a><\/p>\n<p align=\"left\">Platz 4: <a href=\"http:\/\/www.amazon.de\/gp\/product\/B0080KBEI4\/ref=as_li_ss_tl?ie=UTF8&amp;camp=1638&amp;creative=19454&amp;creativeASIN=B0080KBEI4&amp;linkCode=as2&amp;tag=httpblogkurtj-21\" target=\"_blank\">Brigitte Kanitz: Immer \u00c4rger mit Opa<\/a><\/p>\n<p align=\"left\">Die <a href=\"http:\/\/www.buchreport.de\/bestseller\/taschenbuecher.htm\" target=\"_blank\">aktuelle Spiegel-Bestseller der Tachenb\u00fccher<\/a> der letzten beiden Wochen k\u00f6nnen es nicht sein, Riley ist dort auf Platz 6 (Vorwoche 7), Hernndorf auf Platz 9 (Vorwoche 6), Kanitz war die letzten beiden Wochen gar nicht mehr unter den Spiegel-Beststellern. Es k\u00f6nnte vielleicht eine buchhandlungsinterne Rangierung sein.<\/p>\n<p align=\"left\">Was k\u00f6nnte also das vergriffene Buch auf Platz 1 sein? Der Schlager der letzten Wochen:\u00a0 <a href=\"http:\/\/www.amazon.de\/gp\/product\/B007Z7UENE\/ref=as_li_ss_tl?ie=UTF8&amp;camp=1638&amp;creative=19454&amp;creativeASIN=B007Z7UENE&amp;linkCode=as2&amp;tag=httpblogkurtj-21\" target=\"_blank\">E.L. James: Shades of Grey &#8211; Geheimes Verlangen.<\/a><\/p>\n<p align=\"left\">Es sind alle vier Titel bei Amazon als Ebooks verf\u00fcgbar, Ebooks sind \u00fcbrigens nie vergriffen!<\/p>\n<p><iframe loading=\"lazy\" style=\"width: 120px; height: 240px;\" src=\"http:\/\/rcm-de.amazon.de\/e\/cm?lt1=_blank&amp;bc1=000000&amp;IS2=1&amp;bg1=FFFFFF&amp;fc1=000000&amp;lc1=0000FF&amp;t=httpblogkurtj-21&amp;o=3&amp;p=8&amp;l=as4&amp;m=amazon&amp;f=ifr&amp;ref=ss_til&amp;asins=B007Z7UENE\" frameborder=\"0\" marginwidth=\"0\" marginheight=\"0\" scrolling=\"no\" width=\"320\" height=\"240\"><\/iframe><iframe loading=\"lazy\" style=\"width: 120px; height: 240px;\" src=\"http:\/\/rcm-de.amazon.de\/e\/cm?lt1=_blank&amp;bc1=000000&amp;IS2=1&amp;bg1=FFFFFF&amp;fc1=000000&amp;lc1=0000FF&amp;t=httpblogkurtj-21&amp;o=3&amp;p=8&amp;l=as4&amp;m=amazon&amp;f=ifr&amp;ref=ss_til&amp;asins=B007A588PC\" frameborder=\"0\" marginwidth=\"0\" marginheight=\"0\" scrolling=\"no\" width=\"320\" height=\"240\"><\/iframe><iframe loading=\"lazy\" style=\"width: 120px; height: 240px;\" src=\"http:\/\/rcm-de.amazon.de\/e\/cm?lt1=_blank&amp;bc1=000000&amp;IS2=1&amp;bg1=FFFFFF&amp;fc1=000000&amp;lc1=0000FF&amp;t=httpblogkurtj-21&amp;o=3&amp;p=8&amp;l=as4&amp;m=amazon&amp;f=ifr&amp;ref=ss_til&amp;asins=B004WOX4NU\" frameborder=\"0\" marginwidth=\"0\" marginheight=\"0\" scrolling=\"no\" width=\"320\" height=\"240\"><\/iframe><iframe loading=\"lazy\" style=\"width: 120px; height: 240px;\" src=\"http:\/\/rcm-de.amazon.de\/e\/cm?lt1=_blank&amp;bc1=000000&amp;IS2=1&amp;bg1=FFFFFF&amp;fc1=000000&amp;lc1=0000FF&amp;t=httpblogkurtj-21&amp;o=3&amp;p=8&amp;l=as4&amp;m=amazon&amp;f=ifr&amp;ref=ss_til&amp;asins=B0080KBEI4\" frameborder=\"0\" marginwidth=\"0\" marginheight=\"0\" scrolling=\"no\" width=\"320\" height=\"240\"><\/iframe><\/p>\n","protected":false},"excerpt":{"rendered":"<p>Anfang dieser Woche sah ich in einem Buchladen dieses Bild: Platz 1: vergriffen \u2013 was wohl fehlt? Platz 2: Lucinda Riley: Das M\u00e4dchen auf den Klippen Platz 3. Wolfgang Herrndorf: Tschick Platz 4: Brigitte Kanitz: Immer \u00c4rger mit Opa Die aktuelle Spiegel-Bestseller der Tachenb\u00fccher der letzten beiden Wochen k\u00f6nnen es nicht sein, Riley ist dort [&hellip;]<\/p>\n","protected":false},"author":4,"featured_media":0,"comment_status":"open","ping_status":"open","sticky":false,"template":"","format":"standard","meta":{"footnotes":""},"categories":[1],"tags":[27],"class_list":["post-814","post","type-post","status-publish","format-standard","hentry","category-uncategorized","tag-ebook"],"_links":{"self":[{"href":"https:\/\/kurtjakob.ch\/index.php?rest_route=\/wp\/v2\/posts\/814","targetHints":{"allow":["GET"]}}],"collection":[{"href":"https:\/\/kurtjakob.ch\/index.php?rest_route=\/wp\/v2\/posts"}],"about":[{"href":"https:\/\/kurtjakob.ch\/index.php?rest_route=\/wp\/v2\/types\/post"}],"author":[{"embeddable":true,"href":"https:\/\/kurtjakob.ch\/index.php?rest_route=\/wp\/v2\/users\/4"}],"replies":[{"embeddable":true,"href":"https:\/\/kurtjakob.ch\/index.php?rest_route=%2Fwp%2Fv2%2Fcomments&post=814"}],"version-history":[{"count":0,"href":"https:\/\/kurtjakob.ch\/index.php?rest_route=\/wp\/v2\/posts\/814\/revisions"}],"wp:attachment":[{"href":"https:\/\/kurtjakob.ch\/index.php?rest_route=%2Fwp%2Fv2%2Fmedia&parent=814"}],"wp:term":[{"taxonomy":"category","embeddable":true,"href":"https:\/\/kurtjakob.ch\/index.php?rest_route=%2Fwp%2Fv2%2Fcategories&post=814"},{"taxonomy":"post_tag","embeddable":true,"href":"https:\/\/kurtjakob.ch\/index.php?rest_route=%2Fwp%2Fv2%2Ftags&post=814"}],"curies":[{"name":"wp","href":"https:\/\/api.w.org\/{rel}","templated":true}]}}