{"id":7,"date":"2007-05-03T13:23:33","date_gmt":"2007-05-03T13:23:33","guid":{"rendered":"http:\/\/wp.kurtjakob.ch\/?p=7"},"modified":"2007-05-03T13:23:33","modified_gmt":"2007-05-03T13:23:33","slug":"gratis-wlan-in-der-stadt-luzern","status":"publish","type":"post","link":"https:\/\/kurtjakob.ch\/?p=7","title":{"rendered":"Gratis WLAN in der Stadt Luzern"},"content":{"rendered":"<p>Die pers\u00f6nliche Startseite von google hat es in sich, man st\u00f6sst so nebenbei auf Interessantes, das man sonst nicht oder viel sp\u00e4ter erst zur Kenntnis genommen h\u00e4tte.<\/p>\n<p>So bin ich eben auf diese Meldung gestossen. Auf der entsprechenden Seite von <a href=\"http:\/\/www.pctipp.ch\/webnews\/wn\/36191.asp?rssnews\" target=\"_blank\">PCtipp<\/a> kann man\u00c2\u00a0Folgendes lesen:<\/p>\n<blockquote>\n<p align=\"left\">Nach einer Pilotphase an der Pilatusstrasse sind ab sofort Teile der Alt- und Neustadt Luzern mit WLAN versorgt. Die Firma EWL (Energie Wasser Luzern) hat bislang 65 Access Points im Abstand von etwa 100 Metern installiert. Damit kann jedermann in grossen Teilen der Stadt mit einem WLAN-f\u00e4higen Notebook aufs Internet zugreifen. Die ersten vier Monate bietet EWL den Dienst dank Orange als Sponsor gratis an. M\u00f6glicherweise bleibt das Angebot auch sp\u00e4ter kostenlos. Laut einer Mitteilung von EWL braucht man sich \u00fcber die Strahlung keine Sorgen zu machen: sie sei bis zu 1000 Mal geringer als bei einer Mobilfunkantenne.<\/p>\n<\/blockquote>\n<p>K\u00fcrzlich\u00a0konnte man allerdings in <a href=\"http:\/\/wiki.doebe.li\/Beat\/GesundheitsgefaehrdungVonWLANanSchulen\" target=\"_blank\">Beats Blog<\/a> lesen, dass in England an Schulen nach einer Kampagne eines Lehrerverbandes eine grosse Diskussion \u00fcber m\u00f6gliche sch\u00e4dliche Folgen von WLANs entstanden ist. So kann man auf <a href=\"http:\/\/www.heise.de\/tp\/r4\/artikel\/25\/25177\/1.html\" target=\"_blank\">Teleopolis<\/a> lesen:<\/p>\n<blockquote>\n<p align=\"left\">Die britischen Lehrer sind beunruhigt, nachdem die Schulen mehr und mehr mit W-LANs f\u00fcr die Computer ausgestattet werden. Der Lehrerverband Professional Association of Teachers (PAT) hat eine Aktion gestartet und fordert vom Bildungsministerium eine wissenschaftliche Untersuchung \u00fcber m\u00f6gliche Langzeitwirkungen. Da bislang kaum Erkenntnisse vorliegen, sorge man sich um gesundheitliche Folgen von Sch\u00fclern und Lehrern. Funknetzwerke k\u00f6nnten zum &#8222;Asbest des 21. Jahrhunderts&#8220; werden.<\/p>\n<\/blockquote>\n","protected":false},"excerpt":{"rendered":"<p>Die pers\u00f6nliche Startseite von google hat es in sich, man st\u00f6sst so nebenbei auf Interessantes, das man sonst nicht oder viel sp\u00e4ter erst zur Kenntnis genommen h\u00e4tte. So bin ich eben auf diese Meldung gestossen. Auf der entsprechenden Seite von PCtipp kann man\u00c2\u00a0Folgendes lesen: Nach einer Pilotphase an der Pilatusstrasse sind ab sofort Teile der [&hellip;]<\/p>\n","protected":false},"author":3,"featured_media":0,"comment_status":"open","ping_status":"open","sticky":false,"template":"","format":"standard","meta":{"footnotes":""},"categories":[1],"tags":[30,66],"class_list":["post-7","post","type-post","status-publish","format-standard","hentry","category-uncategorized","tag-internet","tag-wlan"],"_links":{"self":[{"href":"https:\/\/kurtjakob.ch\/index.php?rest_route=\/wp\/v2\/posts\/7","targetHints":{"allow":["GET"]}}],"collection":[{"href":"https:\/\/kurtjakob.ch\/index.php?rest_route=\/wp\/v2\/posts"}],"about":[{"href":"https:\/\/kurtjakob.ch\/index.php?rest_route=\/wp\/v2\/types\/post"}],"author":[{"embeddable":true,"href":"https:\/\/kurtjakob.ch\/index.php?rest_route=\/wp\/v2\/users\/3"}],"replies":[{"embeddable":true,"href":"https:\/\/kurtjakob.ch\/index.php?rest_route=%2Fwp%2Fv2%2Fcomments&post=7"}],"version-history":[{"count":0,"href":"https:\/\/kurtjakob.ch\/index.php?rest_route=\/wp\/v2\/posts\/7\/revisions"}],"wp:attachment":[{"href":"https:\/\/kurtjakob.ch\/index.php?rest_route=%2Fwp%2Fv2%2Fmedia&parent=7"}],"wp:term":[{"taxonomy":"category","embeddable":true,"href":"https:\/\/kurtjakob.ch\/index.php?rest_route=%2Fwp%2Fv2%2Fcategories&post=7"},{"taxonomy":"post_tag","embeddable":true,"href":"https:\/\/kurtjakob.ch\/index.php?rest_route=%2Fwp%2Fv2%2Ftags&post=7"}],"curies":[{"name":"wp","href":"https:\/\/api.w.org\/{rel}","templated":true}]}}