{"id":62,"date":"2007-03-01T15:00:00","date_gmt":"2007-03-01T15:00:00","guid":{"rendered":"http:\/\/wp.kurtjakob.ch\/?p=62"},"modified":"2020-01-25T19:18:39","modified_gmt":"2020-01-25T19:18:39","slug":"tinnitus-bei-lehrern","status":"publish","type":"post","link":"https:\/\/kurtjakob.ch\/?p=62","title":{"rendered":"Tinnitus bei Lehrern"},"content":{"rendered":"<p><span style=\"font-size: medium;\">\u00dcberdurchschnittlich viele Lehrer und Erzieher seien von Tinnitus betroffen, so liest man\u00a0im <\/span><a href=\"http:\/\/www.lehrerfreund.de\/in\/schule\/1s\/tinnitus-lehrer\/\" target=\"_blank\" rel=\"noopener noreferrer\"><span style=\"color: #0000ff; font-size: medium;\">Lehrerfreund<\/span><\/a><span style=\"font-size: medium;\">. Eine Nachfrage meinerseits hat dies best\u00e4tigt. Lehrer sind in ihren Schulzimmern enorm hohen L\u00e4rmbelastungen zuweilen \u00fcber l\u00e4ngere Zeit ausgesetzt.<\/span> <!--more--><\/p>\n<p><span style=\"font-size: medium;\">In Kommentaren zu dem oben er\u00e4hnten Blog-Eintrag im Lehrerfreund findet man Hinweise auf eine interessante L\u00e4rmampel, die man im Klassenzimmer aufstellen kann. Sie leuchtet dann gr\u00fcn, wenn der L\u00e4rm im\u00a0niedrigen Bereich ist, dies sind etwa 50 dB in einer rughigen\u00a0Phase im Klassenzimmer.\u00a0Bei Gruppenarbeiten oder Gespr\u00e4chen kann es bis zu 70 &#8211; 75 dB laut werden, die Lampe\u00a0brennt orange. Wenn es dann \u00fcber 80 dB laut wird, brennt die rote Lampe. 70 &#8211; 80 dB\u00a0entspricht etwa dem L\u00e4rm eines vorbeifahrenen LKWs, wenn man selber am Strassenrand steht.\u00a0<\/span><\/p>\n<p><span style=\"font-size: medium;\">Hier ein Bild der L\u00e4rmampel, diese kann <a href=\"http:\/\/www.betzold.de\/index.php\/betzold\/econtent\/catalog\/shop\/betzold_de\/grundschule\/allgemeines\/konzentration\/laerm_ampel\" target=\"_blank\" rel=\"noopener noreferrer\">hier<\/a> bestellt werden.<\/span><\/p>\n<p><span style=\"font-size: medium;\"><img loading=\"lazy\" decoding=\"async\" class=\"alignnone size-medium wp-image-2361\" src=\"https:\/\/kurtjakob.ch\/wp-content\/uploads\/2007\/03\/Compra-Laermampel-PRO-74446_b-XL-300x245.jpg\" alt=\"\" width=\"300\" height=\"245\" srcset=\"https:\/\/kurtjakob.ch\/wp-content\/uploads\/2007\/03\/Compra-Laermampel-PRO-74446_b-XL-300x245.jpg 300w, https:\/\/kurtjakob.ch\/wp-content\/uploads\/2007\/03\/Compra-Laermampel-PRO-74446_b-XL.jpg 636w\" sizes=\"auto, (max-width: 300px) 100vw, 300px\" \/><\/span><\/p>\n<p><span style=\"font-size: medium;\">Vergleiche dazu das Forum <\/span><a href=\"http:\/\/www.lautes-klassenzimmer.de\/forum\/index.php\" target=\"_blank\" rel=\"noopener noreferrer\"><span style=\"color: #0000ff; font-size: medium;\">Lautes Klassenzimmer<\/span><\/a><span style=\"font-size: medium;\">.<\/span><\/p>\n","protected":false},"excerpt":{"rendered":"<p>\u00dcberdurchschnittlich viele Lehrer und Erzieher seien von Tinnitus betroffen, so liest man\u00a0im Lehrerfreund. Eine Nachfrage meinerseits hat dies best\u00e4tigt. Lehrer sind in ihren Schulzimmern enorm hohen L\u00e4rmbelastungen zuweilen \u00fcber l\u00e4ngere Zeit ausgesetzt.<\/p>\n","protected":false},"author":3,"featured_media":0,"comment_status":"open","ping_status":"open","sticky":false,"template":"","format":"standard","meta":{"footnotes":""},"categories":[1],"tags":[28,4],"class_list":["post-62","post","type-post","status-publish","format-standard","hentry","category-uncategorized","tag-lehrer","tag-schulischer-alltag"],"_links":{"self":[{"href":"https:\/\/kurtjakob.ch\/index.php?rest_route=\/wp\/v2\/posts\/62","targetHints":{"allow":["GET"]}}],"collection":[{"href":"https:\/\/kurtjakob.ch\/index.php?rest_route=\/wp\/v2\/posts"}],"about":[{"href":"https:\/\/kurtjakob.ch\/index.php?rest_route=\/wp\/v2\/types\/post"}],"author":[{"embeddable":true,"href":"https:\/\/kurtjakob.ch\/index.php?rest_route=\/wp\/v2\/users\/3"}],"replies":[{"embeddable":true,"href":"https:\/\/kurtjakob.ch\/index.php?rest_route=%2Fwp%2Fv2%2Fcomments&post=62"}],"version-history":[{"count":1,"href":"https:\/\/kurtjakob.ch\/index.php?rest_route=\/wp\/v2\/posts\/62\/revisions"}],"predecessor-version":[{"id":2362,"href":"https:\/\/kurtjakob.ch\/index.php?rest_route=\/wp\/v2\/posts\/62\/revisions\/2362"}],"wp:attachment":[{"href":"https:\/\/kurtjakob.ch\/index.php?rest_route=%2Fwp%2Fv2%2Fmedia&parent=62"}],"wp:term":[{"taxonomy":"category","embeddable":true,"href":"https:\/\/kurtjakob.ch\/index.php?rest_route=%2Fwp%2Fv2%2Fcategories&post=62"},{"taxonomy":"post_tag","embeddable":true,"href":"https:\/\/kurtjakob.ch\/index.php?rest_route=%2Fwp%2Fv2%2Ftags&post=62"}],"curies":[{"name":"wp","href":"https:\/\/api.w.org\/{rel}","templated":true}]}}