{"id":55,"date":"2007-02-02T20:30:00","date_gmt":"2007-02-02T20:30:00","guid":{"rendered":"http:\/\/wp.kurtjakob.ch\/?p=55"},"modified":"2007-02-02T20:30:00","modified_gmt":"2007-02-02T20:30:00","slug":"plagiate-an-der-universita%c2%a4t-za%c2%bcrich","status":"publish","type":"post","link":"https:\/\/kurtjakob.ch\/?p=55","title":{"rendered":"Plagiate an der Universit\u00e4t Z\u00fcrich"},"content":{"rendered":"<p align=\"left\"><font size=\"3\">In einem Artikel der <\/font><a target=\"_blank\" href=\"http:\/\/www.nzz.ch\/2007\/02\/01\/zh\/articleEVOJ4.html\"><font size=\"3\">NZZ von gestern, 1.2.2007<\/font><\/a><font size=\"3\">, lesen wir, dass im letzten Jahr \u00fcber 5 Studenten der Universit\u00e4t Z\u00fcrich eine bedingte Exmatrikulation verh\u00e4ngt worden sei, weil sie in Arbeiten Zitate ohne Quellenangaben verwendet h\u00e4tten. In den letzten eineinhalb Jahren h\u00e4tten sich die aufgedeckten Plagiatsf\u00e4lle geh\u00e4uft. Es werden neue Massnahmen gepr\u00fcft oder neu eingef\u00fchrt, um diesen Anstieg der Plagiatsf\u00e4lle zu bek\u00e4mpfen.<\/font><\/p>\n<p align=\"left\"><font size=\"3\">Das Problem ist nat\u00fcrlich auf allen Stufen erkennbar, vor allem in der Mittelschule im Zusammenhang mit den Maturaarbeiten. An der Kantonsschule Solothurn m\u00fcssen die Sch\u00fcler der Maturaarbeit eine Erkl\u00e4rung beif\u00fcgen, in der sie best\u00e4tigen, dass sie die Arbeit ohne unerlaubte fremde Hilfe gemacht und dass sie alle ben\u00fctzen Quellen angegeben haben.<\/font><\/p>\n<div align=\"left\"><font size=\"3\">In seinem Buch <em><a target=\"_blank\" href=\"http:\/\/www.amazon.de\/Das-Google-Copy-Paste-Syndrom-Stefan-Weber\/dp\/3936931372\/sr=1-1\/qid=1170448318\/ref=sr_1_1\/028-6244840-5487705?ie=UTF8&#038;s=books\">Das Google-Copy-Paste-Syndrom<\/a><\/em> bringt Stefan Weber dieses Ph\u00e4nomen der &quot;Ergoogelung der Wirklichkeit&quot; unter anderem in einen Zusammenhang mit der postmodernen Haltung der neuen Generation. Diese Generation habe ein v\u00f6llig anderes Verh\u00e4ltnis zur Autorschaft von Texten.<\/font><\/div><\/p>\n","protected":false},"excerpt":{"rendered":"<p>In einem Artikel der NZZ von gestern, 1.2.2007, lesen wir, dass im letzten Jahr \u00fcber 5 Studenten der Universit\u00e4t Z\u00fcrich eine bedingte Exmatrikulation verh\u00e4ngt worden sei, weil sie in Arbeiten Zitate ohne Quellenangaben verwendet h\u00e4tten. In den letzten eineinhalb Jahren h\u00e4tten sich die aufgedeckten Plagiatsf\u00e4lle geh\u00e4uft. Es werden neue Massnahmen gepr\u00fcft oder neu eingef\u00fchrt, um [&hellip;]<\/p>\n","protected":false},"author":3,"featured_media":0,"comment_status":"open","ping_status":"open","sticky":false,"template":"","format":"standard","meta":{"footnotes":""},"categories":[1],"tags":[42,43],"class_list":["post-55","post","type-post","status-publish","format-standard","hentry","category-uncategorized","tag-plagiat","tag-postmoderne"],"_links":{"self":[{"href":"https:\/\/kurtjakob.ch\/index.php?rest_route=\/wp\/v2\/posts\/55","targetHints":{"allow":["GET"]}}],"collection":[{"href":"https:\/\/kurtjakob.ch\/index.php?rest_route=\/wp\/v2\/posts"}],"about":[{"href":"https:\/\/kurtjakob.ch\/index.php?rest_route=\/wp\/v2\/types\/post"}],"author":[{"embeddable":true,"href":"https:\/\/kurtjakob.ch\/index.php?rest_route=\/wp\/v2\/users\/3"}],"replies":[{"embeddable":true,"href":"https:\/\/kurtjakob.ch\/index.php?rest_route=%2Fwp%2Fv2%2Fcomments&post=55"}],"version-history":[{"count":0,"href":"https:\/\/kurtjakob.ch\/index.php?rest_route=\/wp\/v2\/posts\/55\/revisions"}],"wp:attachment":[{"href":"https:\/\/kurtjakob.ch\/index.php?rest_route=%2Fwp%2Fv2%2Fmedia&parent=55"}],"wp:term":[{"taxonomy":"category","embeddable":true,"href":"https:\/\/kurtjakob.ch\/index.php?rest_route=%2Fwp%2Fv2%2Fcategories&post=55"},{"taxonomy":"post_tag","embeddable":true,"href":"https:\/\/kurtjakob.ch\/index.php?rest_route=%2Fwp%2Fv2%2Ftags&post=55"}],"curies":[{"name":"wp","href":"https:\/\/api.w.org\/{rel}","templated":true}]}}