{"id":54,"date":"2007-02-02T20:00:00","date_gmt":"2007-02-02T20:00:00","guid":{"rendered":"http:\/\/wp.kurtjakob.ch\/?p=54"},"modified":"2007-02-02T20:00:00","modified_gmt":"2007-02-02T20:00:00","slug":"japan-psychische-und-physische-gewaltanwendung-an-schulen-bald-wieder-erlaubt","status":"publish","type":"post","link":"https:\/\/kurtjakob.ch\/?p=54","title":{"rendered":"Japan: Psychische und physische Gewaltanwendung an Schulen bald wieder erlaubt"},"content":{"rendered":"<p><font size=\"3\">Wie ich in einem Weblog im <\/font><a href=\"http:\/\/www.lehrerfreund.de\/in\/schule\/1s\/japan-gewaltanwendung-schule\/\" target=\"_blank\"><font size=\"3\">lehrerfreund<\/font><\/a><font size=\"3\"> lesen konnte, unterst\u00fctzt offenbar der japanische Ministerpr\u00e4sident den Vorschlag einer Expertenkommission, leichte phsychische und physische Gewaltanwendungen an Schulen wieder zuzulassen, um aufs\u00e4ssige Sch\u00fclerinnen und Sch\u00fcler zu b\u00e4ndigen.\u00a0Als Quelle wird in diesem\u00a0Beitrag die <\/font><a href=\"http:\/\/www.kleine.at\/nachrichten\/chronik\/327522\/index.do\" target=\"_blank\"><font size=\"3\">Kleine Zeitung<\/font><\/a><font size=\"3\"> angegeben. Ein einfacher google-Suchauftrag mit dem ganzen Titel dieses Weblog-Beitrags zeigt eine ganze Reihe von Webseiten, die dieses Thema aufgenommen haben<\/font><font size=\"3\">. Nach weiterer Recherche auf news.google\u00a0bin ich nun <a href=\"http:\/\/de.news.yahoo.com\/25012007\/286\/kurzberichte-japan-plant-wiedereinf-hrung-pr-gelstrafe-light-schulen.html\" target=\"_blank\">hier<\/a> auf eine Agenturmeldung von AFP gestossen, die Kleine Zeitung hat diese Meldung\u00a0wortw\u00f6rtlich \u00fcbernommen, ohne Quellenangabe. Schliesslich\u00a0habe ich noch einen <a href=\"http:\/\/www.spiegel.de\/schulspiegel\/ausland\/0,1518,462329,00.html\" target=\"_blank\">Spiegel-Artikel<\/a> gefunden, der die gleiche Meldung bringt. Als Quelle wird dort auch Reuters erw\u00e4hnt.<\/font><\/p>\n<p><font size=\"3\">In einem Forum, auf das die genannte Kleine Zeitung verlinkt, wird schon sehr emotional \u00fcber dieses Thema diskutiert. Im Spiegel-Artikel wird dann allerdings der kulturelle Hintergrund des japanischen Bildungswesens immerhin erw\u00e4hnt. Somit wird klar, dass diese Art der Bestrafung nicht das ist, was besorgte P\u00e4dagogen im erw\u00e4hnten\u00a0Forum kommen sehen. Diese Meldung\u00a0ist wahrscheinlich ein weiteres Beispiel f\u00fcr das Aufbauschen und Ver\u00e4ndern von Nachrichten.<\/font><\/p>\n","protected":false},"excerpt":{"rendered":"<p>Wie ich in einem Weblog im lehrerfreund lesen konnte, unterst\u00fctzt offenbar der japanische Ministerpr\u00e4sident den Vorschlag einer Expertenkommission, leichte phsychische und physische Gewaltanwendungen an Schulen wieder zuzulassen, um aufs\u00e4ssige Sch\u00fclerinnen und Sch\u00fcler zu b\u00e4ndigen.\u00a0Als Quelle wird in diesem\u00a0Beitrag die Kleine Zeitung angegeben. Ein einfacher google-Suchauftrag mit dem ganzen Titel dieses Weblog-Beitrags zeigt eine ganze Reihe [&hellip;]<\/p>\n","protected":false},"author":3,"featured_media":0,"comment_status":"open","ping_status":"open","sticky":false,"template":"","format":"standard","meta":{"footnotes":""},"categories":[1],"tags":[41,33],"class_list":["post-54","post","type-post","status-publish","format-standard","hentry","category-uncategorized","tag-disziplin","tag-12-medien"],"_links":{"self":[{"href":"https:\/\/kurtjakob.ch\/index.php?rest_route=\/wp\/v2\/posts\/54","targetHints":{"allow":["GET"]}}],"collection":[{"href":"https:\/\/kurtjakob.ch\/index.php?rest_route=\/wp\/v2\/posts"}],"about":[{"href":"https:\/\/kurtjakob.ch\/index.php?rest_route=\/wp\/v2\/types\/post"}],"author":[{"embeddable":true,"href":"https:\/\/kurtjakob.ch\/index.php?rest_route=\/wp\/v2\/users\/3"}],"replies":[{"embeddable":true,"href":"https:\/\/kurtjakob.ch\/index.php?rest_route=%2Fwp%2Fv2%2Fcomments&post=54"}],"version-history":[{"count":0,"href":"https:\/\/kurtjakob.ch\/index.php?rest_route=\/wp\/v2\/posts\/54\/revisions"}],"wp:attachment":[{"href":"https:\/\/kurtjakob.ch\/index.php?rest_route=%2Fwp%2Fv2%2Fmedia&parent=54"}],"wp:term":[{"taxonomy":"category","embeddable":true,"href":"https:\/\/kurtjakob.ch\/index.php?rest_route=%2Fwp%2Fv2%2Fcategories&post=54"},{"taxonomy":"post_tag","embeddable":true,"href":"https:\/\/kurtjakob.ch\/index.php?rest_route=%2Fwp%2Fv2%2Ftags&post=54"}],"curies":[{"name":"wp","href":"https:\/\/api.w.org\/{rel}","templated":true}]}}