{"id":48,"date":"2007-01-19T06:00:00","date_gmt":"2007-01-19T06:00:00","guid":{"rendered":"http:\/\/wp.kurtjakob.ch\/?p=48"},"modified":"2020-01-25T17:19:24","modified_gmt":"2020-01-25T17:19:24","slug":"ausstellung-fiktive-bauten-und-sta%c2%a4dte-in-der-literatur","status":"publish","type":"post","link":"https:\/\/kurtjakob.ch\/?p=48","title":{"rendered":"Ausstellung fiktive Bauten und St\u00e4dte in der Literatur"},"content":{"rendered":"<p><span style=\"font-size: medium;\">In der Pinakothek der Moderne in\u00a0M\u00fcnchen findet eine Ausstellung fiktiver Bauten und St\u00e4dte in der Literatur statt. Gem\u00e4ss einem Beitrag im <\/span><a href=\"http:\/\/www.literaturcafe.de\/fiktive-bauten-und-staedte-in-der-literatur\/\" target=\"_blank\" rel=\"noopener noreferrer\"><span style=\"font-size: medium;\">Literatur-Caf\u00e9.de<\/span><\/a><span style=\"font-size: medium;\"> seien dort Modelle und Pl\u00e4ne von Geb\u00e4uden zu finden, die anhand von Beschreibungen in der Literatur erstellt wurden. Siehe dazu auch den <\/span><a href=\"http:\/\/www.taz.de\/pt\/2007\/01\/15\/a0232.1\/text\" target=\"_blank\" rel=\"noopener noreferrer\"><span style=\"font-size: medium;\">Artikel in der taz<\/span><\/a><span style=\"font-size: medium;\">. Hier noch ein Bild von der <\/span><a href=\"http:\/\/www.pinakothek.de\/pinakothek-der-moderne\/html\/kalender\/kalender_index.php?\" target=\"_blank\" rel=\"noopener noreferrer\"><span style=\"font-size: medium;\">Homepage der Ausstellung<\/span><\/a><span style=\"font-size: medium;\">.<\/span><\/p>\n","protected":false},"excerpt":{"rendered":"<p>In der Pinakothek der Moderne in\u00a0M\u00fcnchen findet eine Ausstellung fiktiver Bauten und St\u00e4dte in der Literatur statt. Gem\u00e4ss einem Beitrag im Literatur-Caf\u00e9.de seien dort Modelle und Pl\u00e4ne von Geb\u00e4uden zu finden, die anhand von Beschreibungen in der Literatur erstellt wurden. Siehe dazu auch den Artikel in der taz. Hier noch ein Bild von der Homepage [&hellip;]<\/p>\n","protected":false},"author":3,"featured_media":0,"comment_status":"open","ping_status":"open","sticky":false,"template":"","format":"standard","meta":{"footnotes":""},"categories":[1],"tags":[6],"class_list":["post-48","post","type-post","status-publish","format-standard","hentry","category-uncategorized","tag-literatur"],"_links":{"self":[{"href":"https:\/\/kurtjakob.ch\/index.php?rest_route=\/wp\/v2\/posts\/48","targetHints":{"allow":["GET"]}}],"collection":[{"href":"https:\/\/kurtjakob.ch\/index.php?rest_route=\/wp\/v2\/posts"}],"about":[{"href":"https:\/\/kurtjakob.ch\/index.php?rest_route=\/wp\/v2\/types\/post"}],"author":[{"embeddable":true,"href":"https:\/\/kurtjakob.ch\/index.php?rest_route=\/wp\/v2\/users\/3"}],"replies":[{"embeddable":true,"href":"https:\/\/kurtjakob.ch\/index.php?rest_route=%2Fwp%2Fv2%2Fcomments&post=48"}],"version-history":[{"count":1,"href":"https:\/\/kurtjakob.ch\/index.php?rest_route=\/wp\/v2\/posts\/48\/revisions"}],"predecessor-version":[{"id":2349,"href":"https:\/\/kurtjakob.ch\/index.php?rest_route=\/wp\/v2\/posts\/48\/revisions\/2349"}],"wp:attachment":[{"href":"https:\/\/kurtjakob.ch\/index.php?rest_route=%2Fwp%2Fv2%2Fmedia&parent=48"}],"wp:term":[{"taxonomy":"category","embeddable":true,"href":"https:\/\/kurtjakob.ch\/index.php?rest_route=%2Fwp%2Fv2%2Fcategories&post=48"},{"taxonomy":"post_tag","embeddable":true,"href":"https:\/\/kurtjakob.ch\/index.php?rest_route=%2Fwp%2Fv2%2Ftags&post=48"}],"curies":[{"name":"wp","href":"https:\/\/api.w.org\/{rel}","templated":true}]}}