{"id":4623,"date":"2022-11-29T15:32:21","date_gmt":"2022-11-29T15:32:21","guid":{"rendered":"https:\/\/kurtjakob.ch\/?p=4623"},"modified":"2022-11-29T15:36:52","modified_gmt":"2022-11-29T15:36:52","slug":"thomas-meyer-wolkenbruchs-wunderliche-reise-in-die-arme-einer-schickse","status":"publish","type":"post","link":"https:\/\/kurtjakob.ch\/?p=4623","title":{"rendered":"Thomas Meyer &#8211; Wolkenbruchs wunderliche Reise in die Arme einer Schickse"},"content":{"rendered":"<div class=\"woocommerce-product-details__short-description\">\n<div class=\"description aw_component aw_container_component\">\n<p><strong>Pressestimmen<\/strong><\/p>\n<p><em>\u00bbDabei wird alles in sch\u00f6nster Kishon-Manier \u00fcberzeichnet, von den Fl\u00fcchen der mame \u2013 von denen \u203afarkakt\u2039 noch der anst\u00e4ndigste ist \u2013 bis zum Versicherungsb\u00fcro des tate, in dem sinnigerweise ausser dem Herrn Wolkenbruch auch der Herr Hagelschlag arbeitet.\u00ab\u00a0<\/em>Irene Widmer, sda<\/p>\n<p><em>\u00bbDie Sprache wird in diesem Roman selber zum Ereignis, wie es sich f\u00fcr gute Literatur geh\u00f6rt. Sie ist geschriebene Leichtigkeit. Das sozusagen jiddisierte Hochdeutsche verliert seine Aufgeplustertheit, seine Steife, sein zentnerschweres Bildungsgewicht, seine Goetheness, \u203afarnunftigkeit\u2039 tritt an die Stelle von \u203aVernunft\u2039. Die \u203aFrankfurter Allgemeine Zeitung\u2039 vergleicht Meyer denn auch mit Woody Allen und lobt den Witz des Romans \u2013 doch, Z\u00fcrich hat wieder einmal einen beachteten und beachtlichen Erstling geboren.\u00ab<\/em>Thomas Widmer, Tages-Anzeiger<\/p>\n<\/div>\n<\/div>\n","protected":false},"excerpt":{"rendered":"<p>Pressestimmen \u00bbDabei wird alles in sch\u00f6nster Kishon-Manier \u00fcberzeichnet, von den Fl\u00fcchen der mame \u2013 von denen \u203afarkakt\u2039 noch der anst\u00e4ndigste ist \u2013 bis zum Versicherungsb\u00fcro des tate, in dem sinnigerweise ausser dem Herrn Wolkenbruch auch der Herr Hagelschlag arbeitet.\u00ab\u00a0Irene Widmer, sda \u00bbDie Sprache wird in diesem Roman selber zum Ereignis, wie es sich f\u00fcr gute [&hellip;]<\/p>\n","protected":false},"author":4,"featured_media":0,"comment_status":"open","ping_status":"open","sticky":false,"template":"","format":"standard","meta":{"footnotes":""},"categories":[340,165],"tags":[6],"class_list":["post-4623","post","type-post","status-publish","format-standard","hentry","category-buchvorstellung","category-buchzeichen","tag-literatur"],"_links":{"self":[{"href":"https:\/\/kurtjakob.ch\/index.php?rest_route=\/wp\/v2\/posts\/4623","targetHints":{"allow":["GET"]}}],"collection":[{"href":"https:\/\/kurtjakob.ch\/index.php?rest_route=\/wp\/v2\/posts"}],"about":[{"href":"https:\/\/kurtjakob.ch\/index.php?rest_route=\/wp\/v2\/types\/post"}],"author":[{"embeddable":true,"href":"https:\/\/kurtjakob.ch\/index.php?rest_route=\/wp\/v2\/users\/4"}],"replies":[{"embeddable":true,"href":"https:\/\/kurtjakob.ch\/index.php?rest_route=%2Fwp%2Fv2%2Fcomments&post=4623"}],"version-history":[{"count":1,"href":"https:\/\/kurtjakob.ch\/index.php?rest_route=\/wp\/v2\/posts\/4623\/revisions"}],"predecessor-version":[{"id":4625,"href":"https:\/\/kurtjakob.ch\/index.php?rest_route=\/wp\/v2\/posts\/4623\/revisions\/4625"}],"wp:attachment":[{"href":"https:\/\/kurtjakob.ch\/index.php?rest_route=%2Fwp%2Fv2%2Fmedia&parent=4623"}],"wp:term":[{"taxonomy":"category","embeddable":true,"href":"https:\/\/kurtjakob.ch\/index.php?rest_route=%2Fwp%2Fv2%2Fcategories&post=4623"},{"taxonomy":"post_tag","embeddable":true,"href":"https:\/\/kurtjakob.ch\/index.php?rest_route=%2Fwp%2Fv2%2Ftags&post=4623"}],"curies":[{"name":"wp","href":"https:\/\/api.w.org\/{rel}","templated":true}]}}