{"id":4574,"date":"2022-11-29T07:02:59","date_gmt":"2022-11-29T07:02:59","guid":{"rendered":"https:\/\/kurtjakob.ch\/?p=4574"},"modified":"2022-11-29T07:02:59","modified_gmt":"2022-11-29T07:02:59","slug":"neuer-ladedienst-audi-charging-startet-2023","status":"publish","type":"post","link":"https:\/\/kurtjakob.ch\/?p=4574","title":{"rendered":"Neuer Ladedienst Audi charging startet 2023"},"content":{"rendered":"<blockquote><p>Der neue Ladedienst Audi charging startet zum 1. Januar 2023. Dieser Service l\u00f6st den bisherigen e-tron Charging Service ab. Laut Audi gew\u00e4hrleiste man durch Audi charging Zugriff auf das europ\u00e4ische Ladenetz von mehr als 800 Anbietern. Weitere L\u00e4nder seien im Laufe des n\u00e4chsten Jahres geplant.<\/p><\/blockquote>\n<p>Quelle: <em><a href=\"https:\/\/stadt-bremerhaven.de\/neuer-ladedienst-audi-charging-startet-2023\/\">Neuer Ladedienst Audi charging startet 2023<\/a><\/em><\/p>\n","protected":false},"excerpt":{"rendered":"<p>Der neue Ladedienst Audi charging startet zum 1. Januar 2023. Dieser Service l\u00f6st den bisherigen e-tron Charging Service ab. Laut Audi gew\u00e4hrleiste man durch Audi charging Zugriff auf das europ\u00e4ische Ladenetz von mehr als 800 Anbietern. Weitere L\u00e4nder seien im Laufe des n\u00e4chsten Jahres geplant. Quelle: Neuer Ladedienst Audi charging startet 2023<\/p>\n","protected":false},"author":4,"featured_media":0,"comment_status":"open","ping_status":"open","sticky":false,"template":"","format":"standard","meta":{"footnotes":""},"categories":[271],"tags":[196],"class_list":["post-4574","post","type-post","status-publish","format-standard","hentry","category-elektromobilitaet","tag-e-auto"],"_links":{"self":[{"href":"https:\/\/kurtjakob.ch\/index.php?rest_route=\/wp\/v2\/posts\/4574","targetHints":{"allow":["GET"]}}],"collection":[{"href":"https:\/\/kurtjakob.ch\/index.php?rest_route=\/wp\/v2\/posts"}],"about":[{"href":"https:\/\/kurtjakob.ch\/index.php?rest_route=\/wp\/v2\/types\/post"}],"author":[{"embeddable":true,"href":"https:\/\/kurtjakob.ch\/index.php?rest_route=\/wp\/v2\/users\/4"}],"replies":[{"embeddable":true,"href":"https:\/\/kurtjakob.ch\/index.php?rest_route=%2Fwp%2Fv2%2Fcomments&post=4574"}],"version-history":[{"count":1,"href":"https:\/\/kurtjakob.ch\/index.php?rest_route=\/wp\/v2\/posts\/4574\/revisions"}],"predecessor-version":[{"id":4575,"href":"https:\/\/kurtjakob.ch\/index.php?rest_route=\/wp\/v2\/posts\/4574\/revisions\/4575"}],"wp:attachment":[{"href":"https:\/\/kurtjakob.ch\/index.php?rest_route=%2Fwp%2Fv2%2Fmedia&parent=4574"}],"wp:term":[{"taxonomy":"category","embeddable":true,"href":"https:\/\/kurtjakob.ch\/index.php?rest_route=%2Fwp%2Fv2%2Fcategories&post=4574"},{"taxonomy":"post_tag","embeddable":true,"href":"https:\/\/kurtjakob.ch\/index.php?rest_route=%2Fwp%2Fv2%2Ftags&post=4574"}],"curies":[{"name":"wp","href":"https:\/\/api.w.org\/{rel}","templated":true}]}}