{"id":4539,"date":"2022-07-13T09:36:32","date_gmt":"2022-07-13T09:36:32","guid":{"rendered":"https:\/\/kurtjakob.ch\/?p=4539"},"modified":"2022-07-13T09:36:32","modified_gmt":"2022-07-13T09:36:32","slug":"bayerns-schueler-muessen-kuenftig-tag-des-handwerks-absolvieren-auch-die-gymnasiasten-news4teachers","status":"publish","type":"post","link":"https:\/\/kurtjakob.ch\/?p=4539","title":{"rendered":"Bayerns Sch\u00fcler m\u00fcssen k\u00fcnftig \u201eTag des Handwerks\u201c absolvieren (auch die Gymnasiasten) | News4teachers"},"content":{"rendered":"<blockquote><p>Ab dem Schuljahr 2022\/2023 sollen alle Sch\u00fclerinnen und Sch\u00fcler der weiterf\u00fchrenden Schulen in Bayern einen verpflichtenden \u00abTag des Handwerks\u00bb absolvieren \u2013 auch die Gymnasiasten.<\/p>\n<p>Ziel sei es, dabei den M\u00e4dchen und Jungen handwerkliche T\u00e4tigkeiten n\u00e4her zu bringen. Auf diese Weise sollen die Berufsfelder des modernen Handwerks begleitend zum Unterricht praxisnah vorgestellt werden, etwa durch Betriebsbesichtigungen, Projektarbeiten in den Betrieben oder die Vorstellung der Ausbildungsberufe durch Auszubildende.<\/p><\/blockquote>\n<p>Quelle: <em><a href=\"https:\/\/www.news4teachers.de\/2022\/07\/bayerns-schueler-muessen-kuenftig-tag-des-handwerks-absolvieren-auch-die-gymnasiasten\/\">Bayerns Sch\u00fcler m\u00fcssen k\u00fcnftig \u201eTag des Handwerks\u201c absolvieren (auch die Gymnasiasten) | News4teachers<\/a><\/em><\/p>\n","protected":false},"excerpt":{"rendered":"<p>Ab dem Schuljahr 2022\/2023 sollen alle Sch\u00fclerinnen und Sch\u00fcler der weiterf\u00fchrenden Schulen in Bayern einen verpflichtenden \u00abTag des Handwerks\u00bb absolvieren \u2013 auch die Gymnasiasten. Ziel sei es, dabei den M\u00e4dchen und Jungen handwerkliche T\u00e4tigkeiten n\u00e4her zu bringen. Auf diese Weise sollen die Berufsfelder des modernen Handwerks begleitend zum Unterricht praxisnah vorgestellt werden, etwa durch Betriebsbesichtigungen, [&hellip;]<\/p>\n","protected":false},"author":4,"featured_media":0,"comment_status":"open","ping_status":"open","sticky":false,"template":"","format":"standard","meta":{"footnotes":""},"categories":[244,212],"tags":[40],"class_list":["post-4539","post","type-post","status-publish","format-standard","hentry","category-bildung","category-schule","tag-schule"],"_links":{"self":[{"href":"https:\/\/kurtjakob.ch\/index.php?rest_route=\/wp\/v2\/posts\/4539","targetHints":{"allow":["GET"]}}],"collection":[{"href":"https:\/\/kurtjakob.ch\/index.php?rest_route=\/wp\/v2\/posts"}],"about":[{"href":"https:\/\/kurtjakob.ch\/index.php?rest_route=\/wp\/v2\/types\/post"}],"author":[{"embeddable":true,"href":"https:\/\/kurtjakob.ch\/index.php?rest_route=\/wp\/v2\/users\/4"}],"replies":[{"embeddable":true,"href":"https:\/\/kurtjakob.ch\/index.php?rest_route=%2Fwp%2Fv2%2Fcomments&post=4539"}],"version-history":[{"count":1,"href":"https:\/\/kurtjakob.ch\/index.php?rest_route=\/wp\/v2\/posts\/4539\/revisions"}],"predecessor-version":[{"id":4540,"href":"https:\/\/kurtjakob.ch\/index.php?rest_route=\/wp\/v2\/posts\/4539\/revisions\/4540"}],"wp:attachment":[{"href":"https:\/\/kurtjakob.ch\/index.php?rest_route=%2Fwp%2Fv2%2Fmedia&parent=4539"}],"wp:term":[{"taxonomy":"category","embeddable":true,"href":"https:\/\/kurtjakob.ch\/index.php?rest_route=%2Fwp%2Fv2%2Fcategories&post=4539"},{"taxonomy":"post_tag","embeddable":true,"href":"https:\/\/kurtjakob.ch\/index.php?rest_route=%2Fwp%2Fv2%2Ftags&post=4539"}],"curies":[{"name":"wp","href":"https:\/\/api.w.org\/{rel}","templated":true}]}}