{"id":4530,"date":"2022-07-12T13:10:27","date_gmt":"2022-07-12T13:10:27","guid":{"rendered":"https:\/\/kurtjakob.ch\/?p=4530"},"modified":"2022-07-12T13:14:47","modified_gmt":"2022-07-12T13:14:47","slug":"marion-poschmann-ist-stadtschreiberin-von-bergen-2022","status":"publish","type":"post","link":"https:\/\/kurtjakob.ch\/?p=4530","title":{"rendered":"Marion Poschmann ist Stadtschreiberin von Bergen 2022"},"content":{"rendered":"<p><a href=\"https:\/\/upload.wikimedia.org\/wikipedia\/commons\/7\/7b\/Marion_Poschmann_auf_der_Frankfurter_Buchmesse_2017.jpg\" target=\"_blank\" rel=\"noopener\"><img loading=\"lazy\" decoding=\"async\" class=\"alignnone size-medium wp-image-4534\" src=\"https:\/\/kurtjakob.ch\/wp-content\/uploads\/2022\/07\/320px-Marion_Poschmann_auf_der_Frankfurter_Buchmesse_20171-300x217.jpg\" alt=\"\" width=\"300\" height=\"217\" srcset=\"https:\/\/kurtjakob.ch\/wp-content\/uploads\/2022\/07\/320px-Marion_Poschmann_auf_der_Frankfurter_Buchmesse_20171-300x217.jpg 300w, https:\/\/kurtjakob.ch\/wp-content\/uploads\/2022\/07\/320px-Marion_Poschmann_auf_der_Frankfurter_Buchmesse_20171.jpg 320w\" sizes=\"auto, (max-width: 300px) 100vw, 300px\" \/><\/a><\/p>\n<p><a href=\"https:\/\/commons.wikimedia.org\/wiki\/File:Marion_Poschmann_auf_der_Frankfurter_Buchmesse_2017.jpg\">Heike Huslage-Koch<\/a>, <a href=\"https:\/\/creativecommons.org\/licenses\/by-sa\/4.0\">CC BY-SA 4.0<\/a>, via Wikimedia Commons<\/p>\n<p>&nbsp;<\/p>\n<p><a href=\"https:\/\/de.wikipedia.org\/wiki\/Marion_Poschmann\" target=\"_blank\" rel=\"noopener\">Marion Poschmann<\/a> ist die neue Stadtschreiberin von Bergen.<\/p>\n<blockquote><p>Marion Poschmann ist neue Stadtschreiberin von Bergen. Die 1969 in Essen geborene Dichterin und Schriftstellerin schreibe \u201evoller Verve und Nachdenklichkeit\u201c, hei\u00dft es in der Begr\u00fcndung der Jury. Sie studierte Germanistik, Philosophie, Slawistik und Szenisches Schreiben und deb\u00fctierte 2002 mit dem Roman \u201eBaden bei Gewitter\u201c und dem Gedichtband \u201eVerschlossene Kammern\u201c. Seitdem hat sie zahlreiche B\u00e4nde mit Lyrik und Prosa ver\u00f6ffentlicht, die sie zu einer der angesehensten deutschen Autorinnen gemacht haben. Ihre Romane \u201eDie Sonnenposition\u201c und \u201eDie Kieferninseln\u201c standen auf der Shortlist des Deutschen Buchpreises, f\u00fcr ihr lyrisches Werk erhielt sie den H\u00f6lty-Preis.<\/p><\/blockquote>\n<p>Quelle: <em>FAZ.net &#8211; <a href=\"https:\/\/www.faz.net\/aktuell\/rhein-main\/kultur\/marion-poschmann-ist-stadtschreiberin-von-bergen-2022-18140846.html\">Marion Poschmann ist Stadtschreiberin von Bergen 2022<\/a><\/em><\/p>\n","protected":false},"excerpt":{"rendered":"<p>Heike Huslage-Koch, CC BY-SA 4.0, via Wikimedia Commons &nbsp; Marion Poschmann ist die neue Stadtschreiberin von Bergen. Marion Poschmann ist neue Stadtschreiberin von Bergen. Die 1969 in Essen geborene Dichterin und Schriftstellerin schreibe \u201evoller Verve und Nachdenklichkeit\u201c, hei\u00dft es in der Begr\u00fcndung der Jury. Sie studierte Germanistik, Philosophie, Slawistik und Szenisches Schreiben und deb\u00fctierte 2002 [&hellip;]<\/p>\n","protected":false},"author":4,"featured_media":0,"comment_status":"open","ping_status":"open","sticky":false,"template":"","format":"standard","meta":{"footnotes":""},"categories":[208],"tags":[218],"class_list":["post-4530","post","type-post","status-publish","format-standard","hentry","category-literatur","tag-literaturpreise"],"_links":{"self":[{"href":"https:\/\/kurtjakob.ch\/index.php?rest_route=\/wp\/v2\/posts\/4530","targetHints":{"allow":["GET"]}}],"collection":[{"href":"https:\/\/kurtjakob.ch\/index.php?rest_route=\/wp\/v2\/posts"}],"about":[{"href":"https:\/\/kurtjakob.ch\/index.php?rest_route=\/wp\/v2\/types\/post"}],"author":[{"embeddable":true,"href":"https:\/\/kurtjakob.ch\/index.php?rest_route=\/wp\/v2\/users\/4"}],"replies":[{"embeddable":true,"href":"https:\/\/kurtjakob.ch\/index.php?rest_route=%2Fwp%2Fv2%2Fcomments&post=4530"}],"version-history":[{"count":4,"href":"https:\/\/kurtjakob.ch\/index.php?rest_route=\/wp\/v2\/posts\/4530\/revisions"}],"predecessor-version":[{"id":4537,"href":"https:\/\/kurtjakob.ch\/index.php?rest_route=\/wp\/v2\/posts\/4530\/revisions\/4537"}],"wp:attachment":[{"href":"https:\/\/kurtjakob.ch\/index.php?rest_route=%2Fwp%2Fv2%2Fmedia&parent=4530"}],"wp:term":[{"taxonomy":"category","embeddable":true,"href":"https:\/\/kurtjakob.ch\/index.php?rest_route=%2Fwp%2Fv2%2Fcategories&post=4530"},{"taxonomy":"post_tag","embeddable":true,"href":"https:\/\/kurtjakob.ch\/index.php?rest_route=%2Fwp%2Fv2%2Ftags&post=4530"}],"curies":[{"name":"wp","href":"https:\/\/api.w.org\/{rel}","templated":true}]}}