{"id":4492,"date":"2022-07-01T19:47:21","date_gmt":"2022-07-01T19:47:21","guid":{"rendered":"https:\/\/kurtjakob.ch\/?p=4492"},"modified":"2022-07-01T20:10:06","modified_gmt":"2022-07-01T20:10:06","slug":"brewirts-tchterli-in-signau","status":"publish","type":"post","link":"https:\/\/kurtjakob.ch\/?p=4492","title":{"rendered":"B\u00e4rewirts T\u00f6chterli in Signau"},"content":{"rendered":"<p>Hier einige Eindr\u00fccke von der Erstauff\u00fchrung von <a href=\"https:\/\/www.baerewirtstoechterli.ch\/\" target=\"_blank\" rel=\"noopener\">B\u00e4rewirts T\u00f6chterli<\/a> in Signau, einem Theaterst\u00fcck von <a href=\"http:\/\/www.karlgrunderverein.ch\/\" target=\"_blank\" rel=\"noopener\">Karl Grunder<\/a>. Kurz vorher w\u00fctete ein heftiges Gewitter, w\u00e4hrend der Auff\u00fchrung war es trocken. Eine grosse Leistung f\u00fcr das Laientheater der <a href=\"http:\/\/theatergruppe-signau.ch\/\" target=\"_blank\" rel=\"noopener\">Theatergruppe Signau<\/a>. Die Auff\u00fchrungen finden vor dem Gasthof B\u00e4ren in Signau statt, also am Originalschauplatz.<\/p>\n\n<p>&nbsp;<\/p>\n<p><a href=\"https:\/\/www.srf.ch\/audio\/regionaljournal-bern-freiburg-wallis\/baerewirts-toechterli-ist-vor-den-baeren-signau-zurueckgekehrt?partId=12211544\" target=\"_blank\" rel=\"noopener\">Hier<\/a> der Link auf einen Beitrag des Regionaljournals Bern Freiburg Wallis vom 22.6.2022<\/p>\n","protected":false},"excerpt":{"rendered":"<p>Hier einige Eindr\u00fccke von der Erstauff\u00fchrung von B\u00e4rewirts T\u00f6chterli in Signau, einem Theaterst\u00fcck von Karl Grunder. Kurz vorher w\u00fctete ein heftiges Gewitter, w\u00e4hrend der Auff\u00fchrung war es trocken. Eine grosse Leistung f\u00fcr das Laientheater der Theatergruppe Signau. Die Auff\u00fchrungen finden vor dem Gasthof B\u00e4ren in Signau statt, also am Originalschauplatz. &nbsp; Hier der Link auf [&hellip;]<\/p>\n","protected":false},"author":4,"featured_media":0,"comment_status":"open","ping_status":"open","sticky":false,"template":"","format":"standard","meta":{"footnotes":""},"categories":[303],"tags":[371,304,370],"class_list":["post-4492","post","type-post","status-publish","format-standard","hentry","category-theater","tag-laientheater","tag-theater","tag-theaterfauffuehrung"],"_links":{"self":[{"href":"https:\/\/kurtjakob.ch\/index.php?rest_route=\/wp\/v2\/posts\/4492","targetHints":{"allow":["GET"]}}],"collection":[{"href":"https:\/\/kurtjakob.ch\/index.php?rest_route=\/wp\/v2\/posts"}],"about":[{"href":"https:\/\/kurtjakob.ch\/index.php?rest_route=\/wp\/v2\/types\/post"}],"author":[{"embeddable":true,"href":"https:\/\/kurtjakob.ch\/index.php?rest_route=\/wp\/v2\/users\/4"}],"replies":[{"embeddable":true,"href":"https:\/\/kurtjakob.ch\/index.php?rest_route=%2Fwp%2Fv2%2Fcomments&post=4492"}],"version-history":[{"count":11,"href":"https:\/\/kurtjakob.ch\/index.php?rest_route=\/wp\/v2\/posts\/4492\/revisions"}],"predecessor-version":[{"id":4520,"href":"https:\/\/kurtjakob.ch\/index.php?rest_route=\/wp\/v2\/posts\/4492\/revisions\/4520"}],"wp:attachment":[{"href":"https:\/\/kurtjakob.ch\/index.php?rest_route=%2Fwp%2Fv2%2Fmedia&parent=4492"}],"wp:term":[{"taxonomy":"category","embeddable":true,"href":"https:\/\/kurtjakob.ch\/index.php?rest_route=%2Fwp%2Fv2%2Fcategories&post=4492"},{"taxonomy":"post_tag","embeddable":true,"href":"https:\/\/kurtjakob.ch\/index.php?rest_route=%2Fwp%2Fv2%2Ftags&post=4492"}],"curies":[{"name":"wp","href":"https:\/\/api.w.org\/{rel}","templated":true}]}}