{"id":4483,"date":"2022-06-30T09:47:28","date_gmt":"2022-06-30T09:47:28","guid":{"rendered":"https:\/\/kurtjakob.ch\/?p=4483"},"modified":"2022-06-30T09:47:28","modified_gmt":"2022-06-30T09:47:28","slug":"elektroautos-ladeinfrastruktur-wird-zu-langsam-ausgebaut-heise-autos","status":"publish","type":"post","link":"https:\/\/kurtjakob.ch\/?p=4483","title":{"rendered":"Elektroautos: Ladeinfrastruktur wird zu langsam ausgebaut | heise Autos"},"content":{"rendered":"<p><img loading=\"lazy\" decoding=\"async\" class=\"alignnone size-medium wp-image-4097\" src=\"https:\/\/kurtjakob.ch\/wp-content\/uploads\/2021\/07\/supercharger-muehldorf-6-Bearbeitet-300x300.jpg\" alt=\"\" width=\"300\" height=\"300\" srcset=\"https:\/\/kurtjakob.ch\/wp-content\/uploads\/2021\/07\/supercharger-muehldorf-6-Bearbeitet-300x300.jpg 300w, https:\/\/kurtjakob.ch\/wp-content\/uploads\/2021\/07\/supercharger-muehldorf-6-Bearbeitet-700x700.jpg 700w, https:\/\/kurtjakob.ch\/wp-content\/uploads\/2021\/07\/supercharger-muehldorf-6-Bearbeitet-150x150.jpg 150w, https:\/\/kurtjakob.ch\/wp-content\/uploads\/2021\/07\/supercharger-muehldorf-6-Bearbeitet-768x768.jpg 768w, https:\/\/kurtjakob.ch\/wp-content\/uploads\/2021\/07\/supercharger-muehldorf-6-Bearbeitet.jpg 1512w\" sizes=\"auto, (max-width: 300px) 100vw, 300px\" \/><\/p>\n<blockquote><p>Beim Ausbau eines fl\u00e4chendeckenden Ladenetzes f\u00fcr Elektroautos sind die Kommunen in einer Schl\u00fcsselrolle. Der Aufbau von Lades\u00e4ulen sei noch kein Selbstl\u00e4ufer, sagte Bundesverkehrsminister Volker Wissing (FDP) bei einer Fachkonferenz in Berlin. In mehr als der H\u00e4lfte der Kommunen gebe es noch keinen einzigen \u00f6ffentlich zug\u00e4nglichen Ladepunkt. Das k\u00f6nne nicht so bleiben.<\/p><\/blockquote>\n<p>Quelle: <em><a href=\"https:\/\/www.heise.de\/hintergrund\/Elektroautos-Ladeinfrastruktur-wird-zu-langsam-ausgebaut-7157678.html\">Elektroautos: Ladeinfrastruktur wird zu langsam ausgebaut | heise Autos<\/a><\/em><\/p>\n<p>Warum warten denn die meisten Elektro-Auto-Hersteller einfach auf die Initiative des Staates? Nehmt Tesla als Vorbild, Tesla hat die Ladeinfrastruktur selber aufgebaut.<\/p>\n","protected":false},"excerpt":{"rendered":"<p>Beim Ausbau eines fl\u00e4chendeckenden Ladenetzes f\u00fcr Elektroautos sind die Kommunen in einer Schl\u00fcsselrolle. Der Aufbau von Lades\u00e4ulen sei noch kein Selbstl\u00e4ufer, sagte Bundesverkehrsminister Volker Wissing (FDP) bei einer Fachkonferenz in Berlin. In mehr als der H\u00e4lfte der Kommunen gebe es noch keinen einzigen \u00f6ffentlich zug\u00e4nglichen Ladepunkt. Das k\u00f6nne nicht so bleiben. Quelle: Elektroautos: Ladeinfrastruktur wird [&hellip;]<\/p>\n","protected":false},"author":4,"featured_media":0,"comment_status":"open","ping_status":"open","sticky":false,"template":"","format":"standard","meta":{"footnotes":""},"categories":[271],"tags":[354,185],"class_list":["post-4483","post","type-post","status-publish","format-standard","hentry","category-elektromobilitaet","tag-elektroauto","tag-tesla"],"_links":{"self":[{"href":"https:\/\/kurtjakob.ch\/index.php?rest_route=\/wp\/v2\/posts\/4483","targetHints":{"allow":["GET"]}}],"collection":[{"href":"https:\/\/kurtjakob.ch\/index.php?rest_route=\/wp\/v2\/posts"}],"about":[{"href":"https:\/\/kurtjakob.ch\/index.php?rest_route=\/wp\/v2\/types\/post"}],"author":[{"embeddable":true,"href":"https:\/\/kurtjakob.ch\/index.php?rest_route=\/wp\/v2\/users\/4"}],"replies":[{"embeddable":true,"href":"https:\/\/kurtjakob.ch\/index.php?rest_route=%2Fwp%2Fv2%2Fcomments&post=4483"}],"version-history":[{"count":2,"href":"https:\/\/kurtjakob.ch\/index.php?rest_route=\/wp\/v2\/posts\/4483\/revisions"}],"predecessor-version":[{"id":4485,"href":"https:\/\/kurtjakob.ch\/index.php?rest_route=\/wp\/v2\/posts\/4483\/revisions\/4485"}],"wp:attachment":[{"href":"https:\/\/kurtjakob.ch\/index.php?rest_route=%2Fwp%2Fv2%2Fmedia&parent=4483"}],"wp:term":[{"taxonomy":"category","embeddable":true,"href":"https:\/\/kurtjakob.ch\/index.php?rest_route=%2Fwp%2Fv2%2Fcategories&post=4483"},{"taxonomy":"post_tag","embeddable":true,"href":"https:\/\/kurtjakob.ch\/index.php?rest_route=%2Fwp%2Fv2%2Ftags&post=4483"}],"curies":[{"name":"wp","href":"https:\/\/api.w.org\/{rel}","templated":true}]}}