{"id":4477,"date":"2022-06-30T09:32:40","date_gmt":"2022-06-30T09:32:40","guid":{"rendered":"https:\/\/kurtjakob.ch\/?p=4477"},"modified":"2022-06-30T09:32:40","modified_gmt":"2022-06-30T09:32:40","slug":"teams-und-office-365-aus-schulen-verbannt","status":"publish","type":"post","link":"https:\/\/kurtjakob.ch\/?p=4477","title":{"rendered":"Teams und Office 365 aus Schulen verbannt"},"content":{"rendered":"<blockquote><p>In zwei Bundesl\u00e4ndern \u2013 Rheinland-Pfalz und Baden-W\u00fcrttemberg \u2013 d\u00fcrfen Microsofts Cloud-L\u00f6sungen Teams und Office 365 ab dem n\u00e4chsten Schuljahr nicht mehr an Schulen verwendet werden. Grund sind Datenschutzbedenken.<\/p><\/blockquote>\n<p>Quelle: <em><a href=\"https:\/\/www.linux-magazin.de\/news\/teams-und-office-365-aus-schulen-verbannt\/\">Linux-Magazin &#8211; Teams und Office 365 aus Schulen verbannt<\/a><\/em><\/p>\n","protected":false},"excerpt":{"rendered":"<p>In zwei Bundesl\u00e4ndern \u2013 Rheinland-Pfalz und Baden-W\u00fcrttemberg \u2013 d\u00fcrfen Microsofts Cloud-L\u00f6sungen Teams und Office 365 ab dem n\u00e4chsten Schuljahr nicht mehr an Schulen verwendet werden. Grund sind Datenschutzbedenken. Quelle: Linux-Magazin &#8211; Teams und Office 365 aus Schulen verbannt<\/p>\n","protected":false},"author":4,"featured_media":0,"comment_status":"open","ping_status":"open","sticky":false,"template":"","format":"standard","meta":{"footnotes":""},"categories":[212],"tags":[103],"class_list":["post-4477","post","type-post","status-publish","format-standard","hentry","category-schule","tag-microsoft"],"_links":{"self":[{"href":"https:\/\/kurtjakob.ch\/index.php?rest_route=\/wp\/v2\/posts\/4477","targetHints":{"allow":["GET"]}}],"collection":[{"href":"https:\/\/kurtjakob.ch\/index.php?rest_route=\/wp\/v2\/posts"}],"about":[{"href":"https:\/\/kurtjakob.ch\/index.php?rest_route=\/wp\/v2\/types\/post"}],"author":[{"embeddable":true,"href":"https:\/\/kurtjakob.ch\/index.php?rest_route=\/wp\/v2\/users\/4"}],"replies":[{"embeddable":true,"href":"https:\/\/kurtjakob.ch\/index.php?rest_route=%2Fwp%2Fv2%2Fcomments&post=4477"}],"version-history":[{"count":1,"href":"https:\/\/kurtjakob.ch\/index.php?rest_route=\/wp\/v2\/posts\/4477\/revisions"}],"predecessor-version":[{"id":4478,"href":"https:\/\/kurtjakob.ch\/index.php?rest_route=\/wp\/v2\/posts\/4477\/revisions\/4478"}],"wp:attachment":[{"href":"https:\/\/kurtjakob.ch\/index.php?rest_route=%2Fwp%2Fv2%2Fmedia&parent=4477"}],"wp:term":[{"taxonomy":"category","embeddable":true,"href":"https:\/\/kurtjakob.ch\/index.php?rest_route=%2Fwp%2Fv2%2Fcategories&post=4477"},{"taxonomy":"post_tag","embeddable":true,"href":"https:\/\/kurtjakob.ch\/index.php?rest_route=%2Fwp%2Fv2%2Ftags&post=4477"}],"curies":[{"name":"wp","href":"https:\/\/api.w.org\/{rel}","templated":true}]}}