{"id":4445,"date":"2022-06-27T17:23:37","date_gmt":"2022-06-27T17:23:37","guid":{"rendered":"https:\/\/kurtjakob.ch\/?p=4445"},"modified":"2022-06-27T17:25:14","modified_gmt":"2022-06-27T17:25:14","slug":"modellprojekt-zur-grundschule-ohne-noten-startet-bald-news4teachers","status":"publish","type":"post","link":"https:\/\/kurtjakob.ch\/?p=4445","title":{"rendered":"In Baden-W\u00fcrttemberg startet das Modellprojekt zur Grundschule ohne Noten bald | News4teachers"},"content":{"rendered":"<blockquote><p>Das Land Baden-W\u00fcrttemberg will einem Zeitungsbericht zufolge ab dem kommenden Schuljahr ein Modellprojekt zum Thema \u00abGrundschulen ohne Noten\u00bb starten. Das k\u00fcndigte Kultusministerin Theresa Schopper (Gr\u00fcne) gegen\u00fcber der \u00abStuttgarter Zeitung\u00bb und den \u00abStuttgarter Nachrichten\u00bb an.<\/p>\n<p>Demnach sollen an 39 Schulen die Sch\u00fcler von der ersten bis zur vierten Klasse keine Zensuren mehr bekommen. \u00abAm Ende wollen wir vergleichen, wie es um die Unterrichtsqualit\u00e4t und die Leistungen der Sch\u00fcler bestellt ist\u00bb, wird die Ministerin in dem Bericht zitiert. Ein solcher Testlauf war bereits im Koalitionsvertrag von Gr\u00fcn-Schwarz vereinbart worden.<\/p><\/blockquote>\n<p>Quelle: <em><a href=\"https:\/\/www.news4teachers.de\/2022\/06\/schopper-modellprojekt-zur-grundschule-ohne-noten-startet-bald\/\">Schopper: Modellprojekt zur Grundschule ohne Noten startet bald | News4teachers<\/a><\/em><\/p>\n","protected":false},"excerpt":{"rendered":"<p>Das Land Baden-W\u00fcrttemberg will einem Zeitungsbericht zufolge ab dem kommenden Schuljahr ein Modellprojekt zum Thema \u00abGrundschulen ohne Noten\u00bb starten. Das k\u00fcndigte Kultusministerin Theresa Schopper (Gr\u00fcne) gegen\u00fcber der \u00abStuttgarter Zeitung\u00bb und den \u00abStuttgarter Nachrichten\u00bb an. Demnach sollen an 39 Schulen die Sch\u00fcler von der ersten bis zur vierten Klasse keine Zensuren mehr bekommen. \u00abAm Ende wollen [&hellip;]<\/p>\n","protected":false},"author":4,"featured_media":0,"comment_status":"open","ping_status":"open","sticky":false,"template":"","format":"standard","meta":{"footnotes":""},"categories":[212],"tags":[367,23],"class_list":["post-4445","post","type-post","status-publish","format-standard","hentry","category-schule","tag-noten","tag-unterrricht"],"_links":{"self":[{"href":"https:\/\/kurtjakob.ch\/index.php?rest_route=\/wp\/v2\/posts\/4445","targetHints":{"allow":["GET"]}}],"collection":[{"href":"https:\/\/kurtjakob.ch\/index.php?rest_route=\/wp\/v2\/posts"}],"about":[{"href":"https:\/\/kurtjakob.ch\/index.php?rest_route=\/wp\/v2\/types\/post"}],"author":[{"embeddable":true,"href":"https:\/\/kurtjakob.ch\/index.php?rest_route=\/wp\/v2\/users\/4"}],"replies":[{"embeddable":true,"href":"https:\/\/kurtjakob.ch\/index.php?rest_route=%2Fwp%2Fv2%2Fcomments&post=4445"}],"version-history":[{"count":3,"href":"https:\/\/kurtjakob.ch\/index.php?rest_route=\/wp\/v2\/posts\/4445\/revisions"}],"predecessor-version":[{"id":4450,"href":"https:\/\/kurtjakob.ch\/index.php?rest_route=\/wp\/v2\/posts\/4445\/revisions\/4450"}],"wp:attachment":[{"href":"https:\/\/kurtjakob.ch\/index.php?rest_route=%2Fwp%2Fv2%2Fmedia&parent=4445"}],"wp:term":[{"taxonomy":"category","embeddable":true,"href":"https:\/\/kurtjakob.ch\/index.php?rest_route=%2Fwp%2Fv2%2Fcategories&post=4445"},{"taxonomy":"post_tag","embeddable":true,"href":"https:\/\/kurtjakob.ch\/index.php?rest_route=%2Fwp%2Fv2%2Ftags&post=4445"}],"curies":[{"name":"wp","href":"https:\/\/api.w.org\/{rel}","templated":true}]}}