{"id":4428,"date":"2022-06-24T12:21:38","date_gmt":"2022-06-24T12:21:38","guid":{"rendered":"https:\/\/kurtjakob.ch\/?p=4428"},"modified":"2022-06-24T12:21:38","modified_gmt":"2022-06-24T12:21:38","slug":"will-die-berliner-polizei-ein-einfahrverbot-fuer-tesla-durchsetzen","status":"publish","type":"post","link":"https:\/\/kurtjakob.ch\/?p=4428","title":{"rendered":"Will die Berliner Polizei ein Einfahrverbot f\u00fcr Tesla durchsetzen?"},"content":{"rendered":"<blockquote><p>Am Mittwoch hie\u00df es vom Sicherheitschef des Landeskriminalamts, dass die Fahrzeuge der Marke Tesla ein Zufahrtsverbot f\u00fcr \u201ealle Liegenschaften des Polizeipr\u00e4sidiums und des Landeskriminalamtes\u201c erhalten.<\/p>\n<p>Nur einen Tag sp\u00e4ter l\u00e4sst die Berliner Polizei verk\u00fcnden, dass es kein \u201egenerelles Einfahrverbot f\u00fcr bestimmte Fahrzeuge\u201c gebe, wie der Tagesspiegel schreibt.<\/p>\n<p>&#8230;<\/p>\n<p>Die Kamerasysteme der Tesla-Fahrzeuge bleiben aber dennoch verboten. Doch bis eine endg\u00fcltige Anordnung zum Einfahrverbot f\u00fcr Tesla gefallen ist, m\u00fcssen die Fahrer:innen selbst Acht geben.<\/p><\/blockquote>\n<p>Quelle: <em><a href=\"https:\/\/www.basicthinking.de\/blog\/2022\/06\/23\/einfahrverbot-fuer-tesla-berliner-polizei\/\">Will die Berliner Polizei ein Einfahrverbot f\u00fcr Tesla durchsetzen?<\/a><\/em><\/p>\n","protected":false},"excerpt":{"rendered":"<p>Am Mittwoch hie\u00df es vom Sicherheitschef des Landeskriminalamts, dass die Fahrzeuge der Marke Tesla ein Zufahrtsverbot f\u00fcr \u201ealle Liegenschaften des Polizeipr\u00e4sidiums und des Landeskriminalamtes\u201c erhalten. Nur einen Tag sp\u00e4ter l\u00e4sst die Berliner Polizei verk\u00fcnden, dass es kein \u201egenerelles Einfahrverbot f\u00fcr bestimmte Fahrzeuge\u201c gebe, wie der Tagesspiegel schreibt. &#8230; Die Kamerasysteme der Tesla-Fahrzeuge bleiben aber dennoch [&hellip;]<\/p>\n","protected":false},"author":4,"featured_media":0,"comment_status":"open","ping_status":"open","sticky":false,"template":"","format":"standard","meta":{"footnotes":""},"categories":[271],"tags":[185],"class_list":["post-4428","post","type-post","status-publish","format-standard","hentry","category-elektromobilitaet","tag-tesla"],"_links":{"self":[{"href":"https:\/\/kurtjakob.ch\/index.php?rest_route=\/wp\/v2\/posts\/4428","targetHints":{"allow":["GET"]}}],"collection":[{"href":"https:\/\/kurtjakob.ch\/index.php?rest_route=\/wp\/v2\/posts"}],"about":[{"href":"https:\/\/kurtjakob.ch\/index.php?rest_route=\/wp\/v2\/types\/post"}],"author":[{"embeddable":true,"href":"https:\/\/kurtjakob.ch\/index.php?rest_route=\/wp\/v2\/users\/4"}],"replies":[{"embeddable":true,"href":"https:\/\/kurtjakob.ch\/index.php?rest_route=%2Fwp%2Fv2%2Fcomments&post=4428"}],"version-history":[{"count":1,"href":"https:\/\/kurtjakob.ch\/index.php?rest_route=\/wp\/v2\/posts\/4428\/revisions"}],"predecessor-version":[{"id":4429,"href":"https:\/\/kurtjakob.ch\/index.php?rest_route=\/wp\/v2\/posts\/4428\/revisions\/4429"}],"wp:attachment":[{"href":"https:\/\/kurtjakob.ch\/index.php?rest_route=%2Fwp%2Fv2%2Fmedia&parent=4428"}],"wp:term":[{"taxonomy":"category","embeddable":true,"href":"https:\/\/kurtjakob.ch\/index.php?rest_route=%2Fwp%2Fv2%2Fcategories&post=4428"},{"taxonomy":"post_tag","embeddable":true,"href":"https:\/\/kurtjakob.ch\/index.php?rest_route=%2Fwp%2Fv2%2Ftags&post=4428"}],"curies":[{"name":"wp","href":"https:\/\/api.w.org\/{rel}","templated":true}]}}