{"id":4404,"date":"2022-06-21T13:22:08","date_gmt":"2022-06-21T13:22:08","guid":{"rendered":"https:\/\/kurtjakob.ch\/?p=4404"},"modified":"2022-06-21T13:28:20","modified_gmt":"2022-06-21T13:28:20","slug":"max-frisch-preis-an-jonas-luescher","status":"publish","type":"post","link":"https:\/\/kurtjakob.ch\/?p=4404","title":{"rendered":"Max Frisch-Preis an Jonas L\u00fcscher"},"content":{"rendered":"<p><a href=\"https:\/\/upload.wikimedia.org\/wikipedia\/commons\/4\/45\/MJK62716_Jonas_L%C3%BCscher_%28Frankfurter_Buchmesse_2018%29.jpg\"><img loading=\"lazy\" decoding=\"async\" class=\"alignnone size-medium wp-image-4407\" src=\"https:\/\/kurtjakob.ch\/wp-content\/uploads\/2022\/06\/MJK62716_Jonas_Luescher_Frankfurter_Buchmesse_20181-300x200.jpg\" alt=\"\" width=\"300\" height=\"200\" srcset=\"https:\/\/kurtjakob.ch\/wp-content\/uploads\/2022\/06\/MJK62716_Jonas_Luescher_Frankfurter_Buchmesse_20181-300x200.jpg 300w, https:\/\/kurtjakob.ch\/wp-content\/uploads\/2022\/06\/MJK62716_Jonas_Luescher_Frankfurter_Buchmesse_20181-700x467.jpg 700w, https:\/\/kurtjakob.ch\/wp-content\/uploads\/2022\/06\/MJK62716_Jonas_Luescher_Frankfurter_Buchmesse_20181-768x512.jpg 768w, https:\/\/kurtjakob.ch\/wp-content\/uploads\/2022\/06\/MJK62716_Jonas_Luescher_Frankfurter_Buchmesse_20181-1536x1024.jpg 1536w, https:\/\/kurtjakob.ch\/wp-content\/uploads\/2022\/06\/MJK62716_Jonas_Luescher_Frankfurter_Buchmesse_20181-2048x1366.jpg 2048w\" sizes=\"auto, (max-width: 300px) 100vw, 300px\" \/><\/a><\/p>\n<p><a href=\"https:\/\/commons.wikimedia.org\/wiki\/User:Martin_Kraft\">Martin Kraft<\/a>, <a href=\"https:\/\/commons.wikimedia.org\/wiki\/File:MJK62716_Jonas_L\u00fcscher_(Frankfurter_Buchmesse_2018).jpg\">MJK62716 Jonas L\u00fcscher (Frankfurter Buchmesse 2018)<\/a>, <a href=\"https:\/\/creativecommons.org\/licenses\/by-sa\/3.0\/legalcode\" rel=\"license\">CC BY-SA 3.0<\/a><\/p>\n<p>&nbsp;<\/p>\n<blockquote><p>Jonas L\u00fcscher hat am Sonntag den Max-Frisch-Preis 2022 der Stadt Z\u00fcrich erhalten.<\/p>\n<p>&#8230;<\/p>\n<p>Der Max-Frisch-Preis der Stadt 2022, der L\u00fcscher verliehen wurde, soll vor allem auch eine Anerkennung f\u00fcr einen Schriftsteller sein, der sein Schreiben als Nachdenken \u00fcber die Bedingungen unseres gesellschaftlichen und politischen Lebens versteht.<\/p><\/blockquote>\n<p>Quelle: <em><a href=\"https:\/\/www.nzz.ch\/feuilleton\/max-frisch-preis-jonas-luescher-will-ideologien-zersetzen-ld.1689618\">Max Frisch-Preis: Jonas L\u00fcscher will Ideologien zersetzen &#8211; NZZ<\/a><\/em><\/p>\n<p>&nbsp;<\/p>\n<blockquote><p>Mit dem Max Frisch-\u200bPreis sollen Autorinnen und Autoren ausgezeichnet werden, deren Arbeit in k\u00fcnstlerisch kompromissloser Form Grundfragen der demokratischen Gesellschaft thematisiert. Zust\u00e4ndig f\u00fcr die Bestimmung der Preistr\u00e4ger ist die Max Frisch-\u200bStiftung Z\u00fcrich, den Preis und dessen Ausrichtung finanziert die Stadt Z\u00fcrich.<\/p><\/blockquote>\n<p>Quelle: <a href=\"https:\/\/mfa.ethz.ch\/news-und-veranstaltungen\/max-frisch-preis-der-stadt-zuerich.html\">Max Frisch-Archiv der ETH Bibliothek Z\u00fcrich<\/a><\/p>\n<p>Der Preis ist mit 40&#8217;00 sfr dotiert. Bisherige Preistr\u00e4ger waren:<\/p>\n<ul>\n<li>Tankred Dorst (1998)<\/li>\n<li>J\u00f6rg Steiner (2002)<\/li>\n<li>Ralf Rothmann (2006)<\/li>\n<li>Barbara Honigmann (2011)<\/li>\n<li>Robert Menasse (2014)<\/li>\n<li>Maja Haderlap; F\u00f6rderpreis: Dorothee Elmiger (2018)<\/li>\n<\/ul>\n","protected":false},"excerpt":{"rendered":"<p>Martin Kraft, MJK62716 Jonas L\u00fcscher (Frankfurter Buchmesse 2018), CC BY-SA 3.0 &nbsp; Jonas L\u00fcscher hat am Sonntag den Max-Frisch-Preis 2022 der Stadt Z\u00fcrich erhalten. &#8230; Der Max-Frisch-Preis der Stadt 2022, der L\u00fcscher verliehen wurde, soll vor allem auch eine Anerkennung f\u00fcr einen Schriftsteller sein, der sein Schreiben als Nachdenken \u00fcber die Bedingungen unseres gesellschaftlichen und [&hellip;]<\/p>\n","protected":false},"author":4,"featured_media":0,"comment_status":"open","ping_status":"open","sticky":false,"template":"","format":"standard","meta":{"footnotes":""},"categories":[208],"tags":[6,218],"class_list":["post-4404","post","type-post","status-publish","format-standard","hentry","category-literatur","tag-literatur","tag-literaturpreise"],"_links":{"self":[{"href":"https:\/\/kurtjakob.ch\/index.php?rest_route=\/wp\/v2\/posts\/4404","targetHints":{"allow":["GET"]}}],"collection":[{"href":"https:\/\/kurtjakob.ch\/index.php?rest_route=\/wp\/v2\/posts"}],"about":[{"href":"https:\/\/kurtjakob.ch\/index.php?rest_route=\/wp\/v2\/types\/post"}],"author":[{"embeddable":true,"href":"https:\/\/kurtjakob.ch\/index.php?rest_route=\/wp\/v2\/users\/4"}],"replies":[{"embeddable":true,"href":"https:\/\/kurtjakob.ch\/index.php?rest_route=%2Fwp%2Fv2%2Fcomments&post=4404"}],"version-history":[{"count":4,"href":"https:\/\/kurtjakob.ch\/index.php?rest_route=\/wp\/v2\/posts\/4404\/revisions"}],"predecessor-version":[{"id":4411,"href":"https:\/\/kurtjakob.ch\/index.php?rest_route=\/wp\/v2\/posts\/4404\/revisions\/4411"}],"wp:attachment":[{"href":"https:\/\/kurtjakob.ch\/index.php?rest_route=%2Fwp%2Fv2%2Fmedia&parent=4404"}],"wp:term":[{"taxonomy":"category","embeddable":true,"href":"https:\/\/kurtjakob.ch\/index.php?rest_route=%2Fwp%2Fv2%2Fcategories&post=4404"},{"taxonomy":"post_tag","embeddable":true,"href":"https:\/\/kurtjakob.ch\/index.php?rest_route=%2Fwp%2Fv2%2Ftags&post=4404"}],"curies":[{"name":"wp","href":"https:\/\/api.w.org\/{rel}","templated":true}]}}