{"id":4397,"date":"2022-06-18T17:47:44","date_gmt":"2022-06-18T17:47:44","guid":{"rendered":"https:\/\/kurtjakob.ch\/?p=4397"},"modified":"2025-09-11T13:09:58","modified_gmt":"2025-09-11T13:09:58","slug":"klimabuchmesse-in-leipzig-erfolgreich-beendet","status":"publish","type":"post","link":"https:\/\/kurtjakob.ch\/?p=4397","title":{"rendered":"Klimabuchmesse in Leipzig erfolgreich beendet"},"content":{"rendered":"<p>&nbsp;<\/p>\n<p>Die <a href=\"https:\/\/www.klimabuchmesse.de\/\">Klimabuchmesse<\/a> in Leipzig vom 13. bis 15. Juni 2022 ist erfolgreich zu Ende gegangen.<\/p>\n<blockquote><p>Mit ihrer ersten Ausgabe in Pr\u00e4senz schuf sie einen Raum f\u00fcr spannende Gespr\u00e4che und Begegnungen zu Klimab\u00fcchern.<\/p>\n<p>Sie war in Kooperation mit der Leipziger Buchmesse und Leipzig Liest geplant gewesen, viele Planungen wurden auch mit diesem Support durchgef\u00fchrt. Nach dem Corona-bedingten Ausfall der Leipziger Buchmesse wollte das Team der Klimabuchmesse aber nicht komplett bis 2023 warten.<\/p>\n<p>Quelle: <em><a href=\"https:\/\/buchmarkt.de\/meldungen\/klimabuchmesse-erfolgreich-beendet\/\">Klimabuchmesse erfolgreich beendet | BuchMarkt<\/a><\/em><\/p><\/blockquote>\n<p>Im kommenden Jahr wird die Klimabuchmesse parallel zur Leipziger Buchmesse vom 27. bis 30. April 2023 stattfinden.<\/p>\n<p>Einen R\u00fcckblick auf die diesj\u00e4hrige Klimabuchmesse findet man \u00fcber den folgenden <a href=\"https:\/\/buchmarkt.de\/meldungen\/klimabuchmesse-erfolgreich-beendet\/\">Link<\/a>.<\/p>\n","protected":false},"excerpt":{"rendered":"<p>&nbsp; Die Klimabuchmesse in Leipzig vom 13. bis 15. Juni 2022 ist erfolgreich zu Ende gegangen. Mit ihrer ersten Ausgabe in Pr\u00e4senz schuf sie einen Raum f\u00fcr spannende Gespr\u00e4che und Begegnungen zu Klimab\u00fcchern. Sie war in Kooperation mit der Leipziger Buchmesse und Leipzig Liest geplant gewesen, viele Planungen wurden auch mit diesem Support durchgef\u00fchrt. Nach [&hellip;]<\/p>\n","protected":false},"author":4,"featured_media":0,"comment_status":"open","ping_status":"open","sticky":false,"template":"","format":"standard","meta":{"footnotes":""},"categories":[181],"tags":[363],"class_list":["post-4397","post","type-post","status-publish","format-standard","hentry","category-buch","tag-buchmesse"],"_links":{"self":[{"href":"https:\/\/kurtjakob.ch\/index.php?rest_route=\/wp\/v2\/posts\/4397","targetHints":{"allow":["GET"]}}],"collection":[{"href":"https:\/\/kurtjakob.ch\/index.php?rest_route=\/wp\/v2\/posts"}],"about":[{"href":"https:\/\/kurtjakob.ch\/index.php?rest_route=\/wp\/v2\/types\/post"}],"author":[{"embeddable":true,"href":"https:\/\/kurtjakob.ch\/index.php?rest_route=\/wp\/v2\/users\/4"}],"replies":[{"embeddable":true,"href":"https:\/\/kurtjakob.ch\/index.php?rest_route=%2Fwp%2Fv2%2Fcomments&post=4397"}],"version-history":[{"count":4,"href":"https:\/\/kurtjakob.ch\/index.php?rest_route=\/wp\/v2\/posts\/4397\/revisions"}],"predecessor-version":[{"id":4637,"href":"https:\/\/kurtjakob.ch\/index.php?rest_route=\/wp\/v2\/posts\/4397\/revisions\/4637"}],"wp:attachment":[{"href":"https:\/\/kurtjakob.ch\/index.php?rest_route=%2Fwp%2Fv2%2Fmedia&parent=4397"}],"wp:term":[{"taxonomy":"category","embeddable":true,"href":"https:\/\/kurtjakob.ch\/index.php?rest_route=%2Fwp%2Fv2%2Fcategories&post=4397"},{"taxonomy":"post_tag","embeddable":true,"href":"https:\/\/kurtjakob.ch\/index.php?rest_route=%2Fwp%2Fv2%2Ftags&post=4397"}],"curies":[{"name":"wp","href":"https:\/\/api.w.org\/{rel}","templated":true}]}}