{"id":4391,"date":"2022-06-18T17:36:17","date_gmt":"2022-06-18T17:36:17","guid":{"rendered":"https:\/\/kurtjakob.ch\/?p=4391"},"modified":"2022-06-18T17:36:17","modified_gmt":"2022-06-18T17:36:17","slug":"innenraum-option-fuer-model-s-und-x-aus-tesla-familie-teslamag-de","status":"publish","type":"post","link":"https:\/\/kurtjakob.ch\/?p=4391","title":{"rendered":"Innenraum-Option f\u00fcr Model S und X aus Tesla-Familie? > teslamag.de"},"content":{"rendered":"<blockquote><p>Vor seiner heutigen T\u00e4tigkeit als Design-Chef bei Tesla arbeitete Franz von Holzhausen f\u00fcr Volkswagen und dann Mazda, und auch seine Frau Vicky war als Designerin in der Auto-Branche, bevor sie sich selbstst\u00e4ndig machte. Auf ihrer Website gibt es derzeit nur Handtaschen zu kaufen, aber eigentlich geht es um nachhaltige Materialien f\u00fcr verschiedenste Anwendungen, wie dort ebenfalls steht. Und auf Twitter erweckte der weibliche Teil des Holzhausen-Paares jetzt deutlich den Eindruck, dass sie bald im Tesla Model S oder Model X verwendet werden k\u00f6nnten.<\/p><\/blockquote>\n<p>Quelle: <em><a href=\"https:\/\/teslamag.de\/news\/bilder-frau-tesla-chefdesigner-innenraum-option-model-s-49767\">Innenraum-Option f\u00fcr Model S und X aus Tesla-Familie? &gt; teslamag.de<\/a><\/em><\/p>\n","protected":false},"excerpt":{"rendered":"<p>Vor seiner heutigen T\u00e4tigkeit als Design-Chef bei Tesla arbeitete Franz von Holzhausen f\u00fcr Volkswagen und dann Mazda, und auch seine Frau Vicky war als Designerin in der Auto-Branche, bevor sie sich selbstst\u00e4ndig machte. Auf ihrer Website gibt es derzeit nur Handtaschen zu kaufen, aber eigentlich geht es um nachhaltige Materialien f\u00fcr verschiedenste Anwendungen, wie dort [&hellip;]<\/p>\n","protected":false},"author":4,"featured_media":0,"comment_status":"open","ping_status":"open","sticky":false,"template":"","format":"standard","meta":{"footnotes":""},"categories":[271],"tags":[185],"class_list":["post-4391","post","type-post","status-publish","format-standard","hentry","category-elektromobilitaet","tag-tesla"],"_links":{"self":[{"href":"https:\/\/kurtjakob.ch\/index.php?rest_route=\/wp\/v2\/posts\/4391","targetHints":{"allow":["GET"]}}],"collection":[{"href":"https:\/\/kurtjakob.ch\/index.php?rest_route=\/wp\/v2\/posts"}],"about":[{"href":"https:\/\/kurtjakob.ch\/index.php?rest_route=\/wp\/v2\/types\/post"}],"author":[{"embeddable":true,"href":"https:\/\/kurtjakob.ch\/index.php?rest_route=\/wp\/v2\/users\/4"}],"replies":[{"embeddable":true,"href":"https:\/\/kurtjakob.ch\/index.php?rest_route=%2Fwp%2Fv2%2Fcomments&post=4391"}],"version-history":[{"count":1,"href":"https:\/\/kurtjakob.ch\/index.php?rest_route=\/wp\/v2\/posts\/4391\/revisions"}],"predecessor-version":[{"id":4392,"href":"https:\/\/kurtjakob.ch\/index.php?rest_route=\/wp\/v2\/posts\/4391\/revisions\/4392"}],"wp:attachment":[{"href":"https:\/\/kurtjakob.ch\/index.php?rest_route=%2Fwp%2Fv2%2Fmedia&parent=4391"}],"wp:term":[{"taxonomy":"category","embeddable":true,"href":"https:\/\/kurtjakob.ch\/index.php?rest_route=%2Fwp%2Fv2%2Fcategories&post=4391"},{"taxonomy":"post_tag","embeddable":true,"href":"https:\/\/kurtjakob.ch\/index.php?rest_route=%2Fwp%2Fv2%2Ftags&post=4391"}],"curies":[{"name":"wp","href":"https:\/\/api.w.org\/{rel}","templated":true}]}}