{"id":4370,"date":"2022-06-14T12:48:17","date_gmt":"2022-06-14T12:48:17","guid":{"rendered":"https:\/\/kurtjakob.ch\/?p=4370"},"modified":"2022-06-14T12:49:07","modified_gmt":"2022-06-14T12:49:07","slug":"podcast-gastland-leipziger-buchmesse-23","status":"publish","type":"post","link":"https:\/\/kurtjakob.ch\/?p=4370","title":{"rendered":"Podcast &#8211; Gastland Leipziger Buchmesse 23"},"content":{"rendered":"<p>\u00d6sterreich ist das Gastland der n\u00e4chsten <a href=\"https:\/\/www.leipziger-buchmesse.de\/de\/\">Leipziger Buchmesse 2023<\/a>.<br \/>\nDazu gibt es bereits interessante Podcasts auf der Seite <a href=\"https:\/\/gastland-leipzig23.at\/podcast\/\">meaois wiamia<\/a>.<\/p>\n<blockquote><p>\u00d6sterreich ist Gastland bei der Leipziger Buchmesse 2023. Unter dem Motto \u201emeaoiswiamia\u201c, sprich \u201emehr als wir\u201c, lenkt das Gastland-Projekt \u00d6sterreich bei der LBM 23 das Augenmerk des internationalen Lesepublikums auf seine vielf\u00e4ltige Buchszene mit bekannten Autor:innen, neuen literarischen Stimmen und hochkar\u00e4tigen Verlagen.<\/p><\/blockquote>\n<p>Quelle: <em><a href=\"https:\/\/gastland-leipzig23.at\/podcast\/\">Podcast &#8211; Gastland Leipziger Buchmesse 23<\/a><\/em><\/p>\n","protected":false},"excerpt":{"rendered":"<p>\u00d6sterreich ist das Gastland der n\u00e4chsten Leipziger Buchmesse 2023. Dazu gibt es bereits interessante Podcasts auf der Seite meaois wiamia. \u00d6sterreich ist Gastland bei der Leipziger Buchmesse 2023. Unter dem Motto \u201emeaoiswiamia\u201c, sprich \u201emehr als wir\u201c, lenkt das Gastland-Projekt \u00d6sterreich bei der LBM 23 das Augenmerk des internationalen Lesepublikums auf seine vielf\u00e4ltige Buchszene mit bekannten [&hellip;]<\/p>\n","protected":false},"author":4,"featured_media":0,"comment_status":"open","ping_status":"open","sticky":false,"template":"","format":"standard","meta":{"footnotes":""},"categories":[181],"tags":[363,362],"class_list":["post-4370","post","type-post","status-publish","format-standard","hentry","category-buch","tag-buchmesse","tag-lbm"],"_links":{"self":[{"href":"https:\/\/kurtjakob.ch\/index.php?rest_route=\/wp\/v2\/posts\/4370","targetHints":{"allow":["GET"]}}],"collection":[{"href":"https:\/\/kurtjakob.ch\/index.php?rest_route=\/wp\/v2\/posts"}],"about":[{"href":"https:\/\/kurtjakob.ch\/index.php?rest_route=\/wp\/v2\/types\/post"}],"author":[{"embeddable":true,"href":"https:\/\/kurtjakob.ch\/index.php?rest_route=\/wp\/v2\/users\/4"}],"replies":[{"embeddable":true,"href":"https:\/\/kurtjakob.ch\/index.php?rest_route=%2Fwp%2Fv2%2Fcomments&post=4370"}],"version-history":[{"count":2,"href":"https:\/\/kurtjakob.ch\/index.php?rest_route=\/wp\/v2\/posts\/4370\/revisions"}],"predecessor-version":[{"id":4373,"href":"https:\/\/kurtjakob.ch\/index.php?rest_route=\/wp\/v2\/posts\/4370\/revisions\/4373"}],"wp:attachment":[{"href":"https:\/\/kurtjakob.ch\/index.php?rest_route=%2Fwp%2Fv2%2Fmedia&parent=4370"}],"wp:term":[{"taxonomy":"category","embeddable":true,"href":"https:\/\/kurtjakob.ch\/index.php?rest_route=%2Fwp%2Fv2%2Fcategories&post=4370"},{"taxonomy":"post_tag","embeddable":true,"href":"https:\/\/kurtjakob.ch\/index.php?rest_route=%2Fwp%2Fv2%2Ftags&post=4370"}],"curies":[{"name":"wp","href":"https:\/\/api.w.org\/{rel}","templated":true}]}}