{"id":4361,"date":"2022-06-14T11:19:42","date_gmt":"2022-06-14T11:19:42","guid":{"rendered":"https:\/\/kurtjakob.ch\/?p=4361"},"modified":"2022-06-14T11:21:31","modified_gmt":"2022-06-14T11:21:31","slug":"sz-kolumne-was-lesen-sie-robert-seethaler-kultur-sz-de","status":"publish","type":"post","link":"https:\/\/kurtjakob.ch\/?p=4361","title":{"rendered":"SZ-Kolumne: Was lesen Sie, Robert Seethaler? &#8211; Kultur &#8211; SZ.de"},"content":{"rendered":"<p><a title=\"Lesekreis, CC0, via Wikimedia Commons\" href=\"https:\/\/commons.wikimedia.org\/wiki\/File:Robert_Seethaler.JPG\"><img loading=\"lazy\" decoding=\"async\" class=\"\" src=\"https:\/\/kurtjakob.ch\/wp-content\/uploads\/2022\/06\/256px-Robert_Seethaler.jpg\" alt=\"Robert Seethaler\" width=\"192\" height=\"266\" \/><\/a><\/p>\n<blockquote><p>Jede Woche fragt die S\u00fcddeutsche Zeitung bekannte Pers\u00f6nlichkeiten nach ihrer aktuellen Lekt\u00fcre. In dieser Folge: Robert Seethaler.<\/p><\/blockquote>\n<p>Hier eine kurze Zusammenfassung einiger Fragen S\u00fcddeutschen Zeitung und einiger Antworten von Robert Seethaler.<\/p>\n<p>Was liest Robert Seethaler gerade? Der Ackermann und der Tod von Johannes von Saaz.<\/p>\n<p>Was ist das letzte richtig gute Buch, das Seethaler gelesen hat? <em>Reigen<\/em> von Arthur Schnitzler.<\/p>\n<blockquote><p>Rhythmus und Melodie der Sprache, der feine Humor, die B\u00f6sartigkeit hinter all dem Liebesges\u00e4usel, das alles gef\u00e4llt mir gut.<\/p><\/blockquote>\n<p>Werden erste S\u00e4tze \u00fcbersch\u00e4tzt?<\/p>\n<blockquote><p>Klar. Ein Satz ist immer nur die Absprungrampe f\u00fcr den n\u00e4chsten. Das gilt sogar &#8211; und ganz besonders &#8211; f\u00fcr den letzten Satz eines Buches.<\/p><\/blockquote>\n<p>Und welches Buch erkl\u00e4rt f\u00fcr Seethaler am besten die ganze Welt?<\/p>\n<blockquote><p>&#8222;Das Schlaue Buch&#8220; von Tick, Trick und Track.<\/p><\/blockquote>\n<p>Quelle: <em><a href=\"https:\/\/www.sueddeutsche.de\/kultur\/was-lesen-sie-robert-seethaler-kolumne-1.5602557\">SZ-Kolumne: Was lesen Sie, Robert Seethaler? &#8211; Kultur &#8211; SZ.de<\/a><\/em><br \/>\n<a href=\"https:\/\/www.perlentaucher.de\/autor\/robert-seethaler.html\">Robert Seethaler im Perlentaucher<\/a><\/p>\n","protected":false},"excerpt":{"rendered":"<p>Jede Woche fragt die S\u00fcddeutsche Zeitung bekannte Pers\u00f6nlichkeiten nach ihrer aktuellen Lekt\u00fcre. In dieser Folge: Robert Seethaler. Hier eine kurze Zusammenfassung einiger Fragen S\u00fcddeutschen Zeitung und einiger Antworten von Robert Seethaler. Was liest Robert Seethaler gerade? Der Ackermann und der Tod von Johannes von Saaz. Was ist das letzte richtig gute Buch, das Seethaler gelesen [&hellip;]<\/p>\n","protected":false},"author":4,"featured_media":0,"comment_status":"open","ping_status":"open","sticky":false,"template":"","format":"standard","meta":{"footnotes":""},"categories":[208],"tags":[360,361],"class_list":["post-4361","post","type-post","status-publish","format-standard","hentry","category-literatur","tag-autorin","tag-interview"],"_links":{"self":[{"href":"https:\/\/kurtjakob.ch\/index.php?rest_route=\/wp\/v2\/posts\/4361","targetHints":{"allow":["GET"]}}],"collection":[{"href":"https:\/\/kurtjakob.ch\/index.php?rest_route=\/wp\/v2\/posts"}],"about":[{"href":"https:\/\/kurtjakob.ch\/index.php?rest_route=\/wp\/v2\/types\/post"}],"author":[{"embeddable":true,"href":"https:\/\/kurtjakob.ch\/index.php?rest_route=\/wp\/v2\/users\/4"}],"replies":[{"embeddable":true,"href":"https:\/\/kurtjakob.ch\/index.php?rest_route=%2Fwp%2Fv2%2Fcomments&post=4361"}],"version-history":[{"count":2,"href":"https:\/\/kurtjakob.ch\/index.php?rest_route=\/wp\/v2\/posts\/4361\/revisions"}],"predecessor-version":[{"id":4365,"href":"https:\/\/kurtjakob.ch\/index.php?rest_route=\/wp\/v2\/posts\/4361\/revisions\/4365"}],"wp:attachment":[{"href":"https:\/\/kurtjakob.ch\/index.php?rest_route=%2Fwp%2Fv2%2Fmedia&parent=4361"}],"wp:term":[{"taxonomy":"category","embeddable":true,"href":"https:\/\/kurtjakob.ch\/index.php?rest_route=%2Fwp%2Fv2%2Fcategories&post=4361"},{"taxonomy":"post_tag","embeddable":true,"href":"https:\/\/kurtjakob.ch\/index.php?rest_route=%2Fwp%2Fv2%2Ftags&post=4361"}],"curies":[{"name":"wp","href":"https:\/\/api.w.org\/{rel}","templated":true}]}}