{"id":4355,"date":"2022-06-14T09:46:02","date_gmt":"2022-06-14T09:46:02","guid":{"rendered":"https:\/\/kurtjakob.ch\/?p=4355"},"modified":"2022-06-14T09:46:02","modified_gmt":"2022-06-14T09:46:02","slug":"verbrenner-aus-ab-2035-eu-verbrennerverbot-ende-der-deutschen-auto-bauer-und-mega-booster-fuer-tesla-13-06-2022","status":"publish","type":"post","link":"https:\/\/kurtjakob.ch\/?p=4355","title":{"rendered":"Verbrenner-Aus ab 2035: EU-Verbrennerverbot: Ende der deutschen Auto-Bauer und Mega-Booster f\u00fcr Tesla? &#8211; 13.06.2022"},"content":{"rendered":"<blockquote><p>Was w\u00fcrde ein Verbrenner-Verbot nun f\u00fcr die deutsche Autoindustrie bedeuten, die seit Jahrzehnten weltweit f\u00fchrend bei der Entwicklung von Verbrennungsmotoren ist?<\/p>\n<p>Ferdinand Dudenh\u00f6ffer, Leiter des Center Automotive Research, erkl\u00e4rte dazu gegen\u00fcber wallstreet:online: &#8222;Das Verbrenner-Verbot gibt Investitionssicherheit. Autobauer, Ladeanbieter, Mineral\u00f6lgesellschaften, Akku-Hersteller und Chemieunternehmen werden jetzt in noch gr\u00f6\u00dferem Umfang investieren. Das ist gut f\u00fcr Deutschland und die deutsche Autoindustrie. Der Abstand zu Tesla kann verkleinert werden, die Zukunft der Branche wird sicherer.&#8220;<\/p>\n<p>Tats\u00e4chlich hatten einige deutsche Autobauer schon zuvor Ausstiegsdaten f\u00fcr den Verbrenner genannt. Audi will bereits ab 2026 keine neuen Benzin- oder Dieselmodelle mehr auf den Markt bringen. Neue Modelle sollen ab dann rein elektrisch sein. Ab 2033 soll die Produktion von Verbrenner komplett eingestellt werden. Mercedes Benz plant ab 2030 nur noch reine Stromer auf den Markt zu bringen, wo es der Markt zul\u00e4sst \u2013 auf Europa w\u00fcrde dies zutreffen. Alle neuen Mercedes-Modelle sollen ab 2025 nur noch mit elektrischem Antrieb angeboten werden.<\/p>\n<p>Doch mehrere deutsche Autobauer haben noch kein konkretes Verbrenner-Ausstiegsdatum genannt. BMW gibt beispielsweise bisher kein konkretes Ausstiegsdatum an. Auch Volkswagen hat sich noch nicht festlegt, wann es auf den Verbrennungsmotor verzichten will.<\/p>\n<p>Dudenh\u00f6ffer fordert nun: &#8222;Aktion\u00e4re sollten Manager auffordern, alle Investitionen in den Verbrennungsmotor beim Pkw zu stoppen. Ansonsten wird das Geld der Gesellschafter verbrannt. Kompliment an das EU-Parlament f\u00fcr die wegweisende Entscheidung.&#8220; Je schneller Autobauer beim Elektroauto seien, &#8222;umso gr\u00f6\u00dfer sind die Zukunft-Chancen f\u00fcr die deutsche Autoindustrie.&#8220;<\/p><\/blockquote>\n<p>Quelle: <em><a href=\"https:\/\/www.wallstreet-online.de\/nachricht\/15577304-verbrenner-aus-2035-eu-verbrennerverbot-deutschen-auto-bauer-mega-booster-tesla\">Verbrenner-Aus ab 2035: EU-Verbrennerverbot: Ende der deutschen Auto-Bauer und Mega-Booster f\u00fcr Tesla? &#8211; 13.06.2022<\/a><\/em><\/p>\n","protected":false},"excerpt":{"rendered":"<p>Was w\u00fcrde ein Verbrenner-Verbot nun f\u00fcr die deutsche Autoindustrie bedeuten, die seit Jahrzehnten weltweit f\u00fchrend bei der Entwicklung von Verbrennungsmotoren ist? Ferdinand Dudenh\u00f6ffer, Leiter des Center Automotive Research, erkl\u00e4rte dazu gegen\u00fcber wallstreet:online: &#8222;Das Verbrenner-Verbot gibt Investitionssicherheit. Autobauer, Ladeanbieter, Mineral\u00f6lgesellschaften, Akku-Hersteller und Chemieunternehmen werden jetzt in noch gr\u00f6\u00dferem Umfang investieren. Das ist gut f\u00fcr Deutschland und [&hellip;]<\/p>\n","protected":false},"author":4,"featured_media":0,"comment_status":"open","ping_status":"open","sticky":false,"template":"","format":"standard","meta":{"footnotes":""},"categories":[271],"tags":[354,282,329],"class_list":["post-4355","post","type-post","status-publish","format-standard","hentry","category-elektromobilitaet","tag-elektroauto","tag-elektromotor","tag-verbrennungsmotor"],"_links":{"self":[{"href":"https:\/\/kurtjakob.ch\/index.php?rest_route=\/wp\/v2\/posts\/4355","targetHints":{"allow":["GET"]}}],"collection":[{"href":"https:\/\/kurtjakob.ch\/index.php?rest_route=\/wp\/v2\/posts"}],"about":[{"href":"https:\/\/kurtjakob.ch\/index.php?rest_route=\/wp\/v2\/types\/post"}],"author":[{"embeddable":true,"href":"https:\/\/kurtjakob.ch\/index.php?rest_route=\/wp\/v2\/users\/4"}],"replies":[{"embeddable":true,"href":"https:\/\/kurtjakob.ch\/index.php?rest_route=%2Fwp%2Fv2%2Fcomments&post=4355"}],"version-history":[{"count":1,"href":"https:\/\/kurtjakob.ch\/index.php?rest_route=\/wp\/v2\/posts\/4355\/revisions"}],"predecessor-version":[{"id":4356,"href":"https:\/\/kurtjakob.ch\/index.php?rest_route=\/wp\/v2\/posts\/4355\/revisions\/4356"}],"wp:attachment":[{"href":"https:\/\/kurtjakob.ch\/index.php?rest_route=%2Fwp%2Fv2%2Fmedia&parent=4355"}],"wp:term":[{"taxonomy":"category","embeddable":true,"href":"https:\/\/kurtjakob.ch\/index.php?rest_route=%2Fwp%2Fv2%2Fcategories&post=4355"},{"taxonomy":"post_tag","embeddable":true,"href":"https:\/\/kurtjakob.ch\/index.php?rest_route=%2Fwp%2Fv2%2Ftags&post=4355"}],"curies":[{"name":"wp","href":"https:\/\/api.w.org\/{rel}","templated":true}]}}