{"id":4346,"date":"2022-06-10T17:03:03","date_gmt":"2022-06-10T17:03:03","guid":{"rendered":"https:\/\/kurtjakob.ch\/?p=4346"},"modified":"2022-06-10T17:03:03","modified_gmt":"2022-06-10T17:03:03","slug":"bald-fuehrerlose-regionalzuege-in-niedersachsen-heise-online","status":"publish","type":"post","link":"https:\/\/kurtjakob.ch\/?p=4346","title":{"rendered":"Bald f\u00fchrerlose Regionalz\u00fcge in Niedersachsen | heise online"},"content":{"rendered":"<blockquote><p>Ab 2024 sollen zwei vollautomatische Regionalz\u00fcge in Niedersachsen unterwegs sein und demonstrieren, dass autonome Z\u00fcge Energie sparen und p\u00fcnktlicher fahren.<\/p><\/blockquote>\n<p>Quelle: <em><a href=\"https:\/\/www.heise.de\/news\/Bald-fuehrerlose-Regionalzuege-in-Niedersachsen-7137420.html\">Bald f\u00fchrerlose Regionalz\u00fcge in Niedersachsen | heise online<\/a><\/em><\/p>\n","protected":false},"excerpt":{"rendered":"<p>Ab 2024 sollen zwei vollautomatische Regionalz\u00fcge in Niedersachsen unterwegs sein und demonstrieren, dass autonome Z\u00fcge Energie sparen und p\u00fcnktlicher fahren. Quelle: Bald f\u00fchrerlose Regionalz\u00fcge in Niedersachsen | heise online<\/p>\n","protected":false},"author":4,"featured_media":0,"comment_status":"open","ping_status":"open","sticky":false,"template":"","format":"standard","meta":{"footnotes":""},"categories":[271],"tags":[296],"class_list":["post-4346","post","type-post","status-publish","format-standard","hentry","category-elektromobilitaet","tag-autonomes-fahren"],"_links":{"self":[{"href":"https:\/\/kurtjakob.ch\/index.php?rest_route=\/wp\/v2\/posts\/4346","targetHints":{"allow":["GET"]}}],"collection":[{"href":"https:\/\/kurtjakob.ch\/index.php?rest_route=\/wp\/v2\/posts"}],"about":[{"href":"https:\/\/kurtjakob.ch\/index.php?rest_route=\/wp\/v2\/types\/post"}],"author":[{"embeddable":true,"href":"https:\/\/kurtjakob.ch\/index.php?rest_route=\/wp\/v2\/users\/4"}],"replies":[{"embeddable":true,"href":"https:\/\/kurtjakob.ch\/index.php?rest_route=%2Fwp%2Fv2%2Fcomments&post=4346"}],"version-history":[{"count":1,"href":"https:\/\/kurtjakob.ch\/index.php?rest_route=\/wp\/v2\/posts\/4346\/revisions"}],"predecessor-version":[{"id":4347,"href":"https:\/\/kurtjakob.ch\/index.php?rest_route=\/wp\/v2\/posts\/4346\/revisions\/4347"}],"wp:attachment":[{"href":"https:\/\/kurtjakob.ch\/index.php?rest_route=%2Fwp%2Fv2%2Fmedia&parent=4346"}],"wp:term":[{"taxonomy":"category","embeddable":true,"href":"https:\/\/kurtjakob.ch\/index.php?rest_route=%2Fwp%2Fv2%2Fcategories&post=4346"},{"taxonomy":"post_tag","embeddable":true,"href":"https:\/\/kurtjakob.ch\/index.php?rest_route=%2Fwp%2Fv2%2Ftags&post=4346"}],"curies":[{"name":"wp","href":"https:\/\/api.w.org\/{rel}","templated":true}]}}