{"id":4325,"date":"2022-06-08T18:28:08","date_gmt":"2022-06-08T18:28:08","guid":{"rendered":"https:\/\/kurtjakob.ch\/?p=4325"},"modified":"2022-06-08T18:28:08","modified_gmt":"2022-06-08T18:28:08","slug":"elon-musk-erwartet-bereits-2023-selbstfahrende-tesla-autos-ohne-fahrer","status":"publish","type":"post","link":"https:\/\/kurtjakob.ch\/?p=4325","title":{"rendered":"Elon Musk erwartet bereits 2023 selbstfahrende Tesla-Autos ohne Fahrer"},"content":{"rendered":"<blockquote><p>Selbstfahrende Autos, die keinerlei Aufsicht oder Eingreifen eines Fahrers ben\u00f6tigen, sind schon lang der Traum von Elon Musk und seinem Automobilkonzern Tesla. Nach Einsch\u00e4tzung von Musk soll der Traum n\u00e4chstes Jahr nun endlich in Erf\u00fcllung gehen. Es w\u00e4re aber nicht das erste Mal, dass der einfallsreiche Vision\u00e4r damit falsch liegt.<\/p><\/blockquote>\n<p>Quelle: <em><a href=\"https:\/\/www.finanzen.net\/nachricht\/aktien\/ambitionierte-ankuendigung-elon-musk-erwartet-bereits-2023-selbstfahrende-tesla-autos-ohne-fahrer-11395519\">Elon Musk erwartet bereits 2023 selbstfahrende Tesla-Autos ohne Fahrer<\/a><\/em><\/p>\n","protected":false},"excerpt":{"rendered":"<p>Selbstfahrende Autos, die keinerlei Aufsicht oder Eingreifen eines Fahrers ben\u00f6tigen, sind schon lang der Traum von Elon Musk und seinem Automobilkonzern Tesla. Nach Einsch\u00e4tzung von Musk soll der Traum n\u00e4chstes Jahr nun endlich in Erf\u00fcllung gehen. Es w\u00e4re aber nicht das erste Mal, dass der einfallsreiche Vision\u00e4r damit falsch liegt. Quelle: Elon Musk erwartet bereits [&hellip;]<\/p>\n","protected":false},"author":4,"featured_media":0,"comment_status":"open","ping_status":"open","sticky":false,"template":"","format":"standard","meta":{"footnotes":""},"categories":[271],"tags":[296,185],"class_list":["post-4325","post","type-post","status-publish","format-standard","hentry","category-elektromobilitaet","tag-autonomes-fahren","tag-tesla"],"_links":{"self":[{"href":"https:\/\/kurtjakob.ch\/index.php?rest_route=\/wp\/v2\/posts\/4325","targetHints":{"allow":["GET"]}}],"collection":[{"href":"https:\/\/kurtjakob.ch\/index.php?rest_route=\/wp\/v2\/posts"}],"about":[{"href":"https:\/\/kurtjakob.ch\/index.php?rest_route=\/wp\/v2\/types\/post"}],"author":[{"embeddable":true,"href":"https:\/\/kurtjakob.ch\/index.php?rest_route=\/wp\/v2\/users\/4"}],"replies":[{"embeddable":true,"href":"https:\/\/kurtjakob.ch\/index.php?rest_route=%2Fwp%2Fv2%2Fcomments&post=4325"}],"version-history":[{"count":1,"href":"https:\/\/kurtjakob.ch\/index.php?rest_route=\/wp\/v2\/posts\/4325\/revisions"}],"predecessor-version":[{"id":4326,"href":"https:\/\/kurtjakob.ch\/index.php?rest_route=\/wp\/v2\/posts\/4325\/revisions\/4326"}],"wp:attachment":[{"href":"https:\/\/kurtjakob.ch\/index.php?rest_route=%2Fwp%2Fv2%2Fmedia&parent=4325"}],"wp:term":[{"taxonomy":"category","embeddable":true,"href":"https:\/\/kurtjakob.ch\/index.php?rest_route=%2Fwp%2Fv2%2Fcategories&post=4325"},{"taxonomy":"post_tag","embeddable":true,"href":"https:\/\/kurtjakob.ch\/index.php?rest_route=%2Fwp%2Fv2%2Ftags&post=4325"}],"curies":[{"name":"wp","href":"https:\/\/api.w.org\/{rel}","templated":true}]}}