{"id":4315,"date":"2022-06-08T18:25:09","date_gmt":"2022-06-08T18:25:09","guid":{"rendered":"https:\/\/kurtjakob.ch\/?p=4315"},"modified":"2022-06-08T18:25:09","modified_gmt":"2022-06-08T18:25:09","slug":"tesla-betatest-mit-fsd-wird-groesser-bald-eu-pruefung-teslamag-de","status":"publish","type":"post","link":"https:\/\/kurtjakob.ch\/?p=4315","title":{"rendered":"Tesla-Betatest mit FSD wird gr\u00f6\u00dfer, bald EU-Pr\u00fcfung? > teslamag.de"},"content":{"rendered":"<p><a href=\"https:\/\/teslamag.de\/news\/neue-teilnehmer-fsd-betatest-tesla-musk-pruefung-eu-bald-49405\"><img loading=\"lazy\" decoding=\"async\" class=\"alignnone \" src=\"https:\/\/kurtjakob.ch\/wp-content\/uploads\/2022\/06\/tesla-fsd-autopilot-visualisierung-dev-640x368-1.jpg\" alt=\"\" width=\"297\" height=\"171\" \/><\/a><\/p>\n<blockquote><p>Nachdem Anfang des Monats zun\u00e4chst nur wenige Tesla-Besitzer die neueste Version der Beta-Software FSD f\u00fcr das Autopilot-System erhielten, scheint die Update-Welle in Nordamerika jetzt voll in Gang zu sein.<\/p><\/blockquote>\n<p>Quelle: <em><a href=\"https:\/\/teslamag.de\/news\/neue-teilnehmer-fsd-betatest-tesla-musk-pruefung-eu-bald-49405\">Tesla-Betatest mit FSD wird gr\u00f6\u00dfer, bald EU-Pr\u00fcfung? &gt; teslamag.de<\/a><\/em><\/p>\n","protected":false},"excerpt":{"rendered":"<p>Nachdem Anfang des Monats zun\u00e4chst nur wenige Tesla-Besitzer die neueste Version der Beta-Software FSD f\u00fcr das Autopilot-System erhielten, scheint die Update-Welle in Nordamerika jetzt voll in Gang zu sein. Quelle: Tesla-Betatest mit FSD wird gr\u00f6\u00dfer, bald EU-Pr\u00fcfung? &gt; teslamag.de<\/p>\n","protected":false},"author":4,"featured_media":0,"comment_status":"open","ping_status":"open","sticky":false,"template":"","format":"standard","meta":{"footnotes":""},"categories":[271],"tags":[296,185],"class_list":["post-4315","post","type-post","status-publish","format-standard","hentry","category-elektromobilitaet","tag-autonomes-fahren","tag-tesla"],"_links":{"self":[{"href":"https:\/\/kurtjakob.ch\/index.php?rest_route=\/wp\/v2\/posts\/4315","targetHints":{"allow":["GET"]}}],"collection":[{"href":"https:\/\/kurtjakob.ch\/index.php?rest_route=\/wp\/v2\/posts"}],"about":[{"href":"https:\/\/kurtjakob.ch\/index.php?rest_route=\/wp\/v2\/types\/post"}],"author":[{"embeddable":true,"href":"https:\/\/kurtjakob.ch\/index.php?rest_route=\/wp\/v2\/users\/4"}],"replies":[{"embeddable":true,"href":"https:\/\/kurtjakob.ch\/index.php?rest_route=%2Fwp%2Fv2%2Fcomments&post=4315"}],"version-history":[{"count":1,"href":"https:\/\/kurtjakob.ch\/index.php?rest_route=\/wp\/v2\/posts\/4315\/revisions"}],"predecessor-version":[{"id":4317,"href":"https:\/\/kurtjakob.ch\/index.php?rest_route=\/wp\/v2\/posts\/4315\/revisions\/4317"}],"wp:attachment":[{"href":"https:\/\/kurtjakob.ch\/index.php?rest_route=%2Fwp%2Fv2%2Fmedia&parent=4315"}],"wp:term":[{"taxonomy":"category","embeddable":true,"href":"https:\/\/kurtjakob.ch\/index.php?rest_route=%2Fwp%2Fv2%2Fcategories&post=4315"},{"taxonomy":"post_tag","embeddable":true,"href":"https:\/\/kurtjakob.ch\/index.php?rest_route=%2Fwp%2Fv2%2Ftags&post=4315"}],"curies":[{"name":"wp","href":"https:\/\/api.w.org\/{rel}","templated":true}]}}