{"id":4302,"date":"2022-06-08T18:15:10","date_gmt":"2022-06-08T18:15:10","guid":{"rendered":"https:\/\/kurtjakob.ch\/?p=4302"},"modified":"2022-06-08T18:15:10","modified_gmt":"2022-06-08T18:15:10","slug":"eu-parlament-verkaufsverbot-fuer-den-verbrenner-ab-2035","status":"publish","type":"post","link":"https:\/\/kurtjakob.ch\/?p=4302","title":{"rendered":"EU-Parlament: Verkaufsverbot f\u00fcr den Verbrenner ab 2035"},"content":{"rendered":"<blockquote><p>K\u00fcnftige Autos und Transporter sollen \u2013 ganz im Sinne des Klimawandels \u2013 keine Treibhausgase mehr aussto\u00dfen. Das EU-Parlament hat f\u00fcr ein Verkaufsverbot von Autos mit Verbrennungsmotoren abgestimmt. Da ist es noch \u00fcber ein Jahrzehnt hin, doch ab 2035 sollen keine Neuwagen mehr mit Verbrennermotoren verkauft werden. Hierf\u00fcr stimmte die Mehrheit der Abgeordneten im EU-Parlament, es bedarf aber noch einer Best\u00e4tigung der Verordnung durch die EU-Mitgliedsstaaten.<\/p><\/blockquote>\n<p>Quelle: <em><a href=\"https:\/\/stadt-bremerhaven.de\/eu-parlament-verkaufsverbot-fuer-den-verbrenner-ab-2035\/\">EU-Parlament: Verkaufsverbot f\u00fcr den Verbrenner ab 2035<\/a><\/em><\/p>\n","protected":false},"excerpt":{"rendered":"<p>K\u00fcnftige Autos und Transporter sollen \u2013 ganz im Sinne des Klimawandels \u2013 keine Treibhausgase mehr aussto\u00dfen. Das EU-Parlament hat f\u00fcr ein Verkaufsverbot von Autos mit Verbrennungsmotoren abgestimmt. Da ist es noch \u00fcber ein Jahrzehnt hin, doch ab 2035 sollen keine Neuwagen mehr mit Verbrennermotoren verkauft werden. Hierf\u00fcr stimmte die Mehrheit der Abgeordneten im EU-Parlament, es [&hellip;]<\/p>\n","protected":false},"author":4,"featured_media":0,"comment_status":"open","ping_status":"open","sticky":false,"template":"","format":"standard","meta":{"footnotes":""},"categories":[271],"tags":[354],"class_list":["post-4302","post","type-post","status-publish","format-standard","hentry","category-elektromobilitaet","tag-elektroauto"],"_links":{"self":[{"href":"https:\/\/kurtjakob.ch\/index.php?rest_route=\/wp\/v2\/posts\/4302","targetHints":{"allow":["GET"]}}],"collection":[{"href":"https:\/\/kurtjakob.ch\/index.php?rest_route=\/wp\/v2\/posts"}],"about":[{"href":"https:\/\/kurtjakob.ch\/index.php?rest_route=\/wp\/v2\/types\/post"}],"author":[{"embeddable":true,"href":"https:\/\/kurtjakob.ch\/index.php?rest_route=\/wp\/v2\/users\/4"}],"replies":[{"embeddable":true,"href":"https:\/\/kurtjakob.ch\/index.php?rest_route=%2Fwp%2Fv2%2Fcomments&post=4302"}],"version-history":[{"count":1,"href":"https:\/\/kurtjakob.ch\/index.php?rest_route=\/wp\/v2\/posts\/4302\/revisions"}],"predecessor-version":[{"id":4303,"href":"https:\/\/kurtjakob.ch\/index.php?rest_route=\/wp\/v2\/posts\/4302\/revisions\/4303"}],"wp:attachment":[{"href":"https:\/\/kurtjakob.ch\/index.php?rest_route=%2Fwp%2Fv2%2Fmedia&parent=4302"}],"wp:term":[{"taxonomy":"category","embeddable":true,"href":"https:\/\/kurtjakob.ch\/index.php?rest_route=%2Fwp%2Fv2%2Fcategories&post=4302"},{"taxonomy":"post_tag","embeddable":true,"href":"https:\/\/kurtjakob.ch\/index.php?rest_route=%2Fwp%2Fv2%2Ftags&post=4302"}],"curies":[{"name":"wp","href":"https:\/\/api.w.org\/{rel}","templated":true}]}}