{"id":4295,"date":"2022-04-30T19:19:22","date_gmt":"2022-04-30T19:19:22","guid":{"rendered":"https:\/\/kurtjakob.ch\/?p=4295"},"modified":"2022-04-30T19:19:22","modified_gmt":"2022-04-30T19:19:22","slug":"vorstellung-der-quartalszahlen-tesla-will-noch-ende-des-jahres-in-gruenheide-mit-massenproduktion-starten-rbb24","status":"publish","type":"post","link":"https:\/\/kurtjakob.ch\/?p=4295","title":{"rendered":"Vorstellung der Quartalszahlen: Tesla will noch Ende des Jahres in Gr\u00fcnheide mit Massenproduktion starten | rbb24"},"content":{"rendered":"<blockquote><p>Das Tesla-Werk in Gr\u00fcnheide (Oder-Spree) soll schon am Ende dieses Jahres mit der Massenproduktion beginnen. Das sagte Unternehmenschef Elon Musk am Mittwochabend bei der Vorstellung der Quartalszahlen. Um dieses Ziel zu erreichen, braucht Tesla jedoch tausende weitere Mitarbeiter.<\/p>\n<p>Die ersten in Gr\u00fcnheide produzierten Fahrzeuge wurden erst vor knapp einem Monat, nach dem Delivery Day am 22. M\u00e4rz ausgeliefert. Tesla-Chef Musk will dennoch an seinem Ziel festhalten, m\u00f6glichst bald mit der Massenproduktion zu beginnen. Bereits im Oktober hatte er das Ziel definiert, dann 5.000 bis 10.000 Autos pro Woche in Gr\u00fcnheide produzieren zu wollen.<\/p><\/blockquote>\n<p>Quelle: <em><a href=\"https:\/\/www.rbb24.de\/studiofrankfurt\/wirtschaft\/tesla\/2022\/04\/tesla-produktion-ziel-gruenheide-elonmusk.html\">Vorstellung der Quartalszahlen: Tesla will noch Ende des Jahres in Gr\u00fcnheide mit Massenproduktion starten | rbb24<\/a><\/em><\/p>\n","protected":false},"excerpt":{"rendered":"<p>Das Tesla-Werk in Gr\u00fcnheide (Oder-Spree) soll schon am Ende dieses Jahres mit der Massenproduktion beginnen. Das sagte Unternehmenschef Elon Musk am Mittwochabend bei der Vorstellung der Quartalszahlen. Um dieses Ziel zu erreichen, braucht Tesla jedoch tausende weitere Mitarbeiter. Die ersten in Gr\u00fcnheide produzierten Fahrzeuge wurden erst vor knapp einem Monat, nach dem Delivery Day am [&hellip;]<\/p>\n","protected":false},"author":4,"featured_media":0,"comment_status":"open","ping_status":"open","sticky":false,"template":"","format":"standard","meta":{"footnotes":""},"categories":[271],"tags":[353,185],"class_list":["post-4295","post","type-post","status-publish","format-standard","hentry","category-elektromobilitaet","tag-gruenheide","tag-tesla"],"_links":{"self":[{"href":"https:\/\/kurtjakob.ch\/index.php?rest_route=\/wp\/v2\/posts\/4295","targetHints":{"allow":["GET"]}}],"collection":[{"href":"https:\/\/kurtjakob.ch\/index.php?rest_route=\/wp\/v2\/posts"}],"about":[{"href":"https:\/\/kurtjakob.ch\/index.php?rest_route=\/wp\/v2\/types\/post"}],"author":[{"embeddable":true,"href":"https:\/\/kurtjakob.ch\/index.php?rest_route=\/wp\/v2\/users\/4"}],"replies":[{"embeddable":true,"href":"https:\/\/kurtjakob.ch\/index.php?rest_route=%2Fwp%2Fv2%2Fcomments&post=4295"}],"version-history":[{"count":1,"href":"https:\/\/kurtjakob.ch\/index.php?rest_route=\/wp\/v2\/posts\/4295\/revisions"}],"predecessor-version":[{"id":4296,"href":"https:\/\/kurtjakob.ch\/index.php?rest_route=\/wp\/v2\/posts\/4295\/revisions\/4296"}],"wp:attachment":[{"href":"https:\/\/kurtjakob.ch\/index.php?rest_route=%2Fwp%2Fv2%2Fmedia&parent=4295"}],"wp:term":[{"taxonomy":"category","embeddable":true,"href":"https:\/\/kurtjakob.ch\/index.php?rest_route=%2Fwp%2Fv2%2Fcategories&post=4295"},{"taxonomy":"post_tag","embeddable":true,"href":"https:\/\/kurtjakob.ch\/index.php?rest_route=%2Fwp%2Fv2%2Ftags&post=4295"}],"curies":[{"name":"wp","href":"https:\/\/api.w.org\/{rel}","templated":true}]}}