{"id":4267,"date":"2021-12-23T18:46:31","date_gmt":"2021-12-23T18:46:31","guid":{"rendered":"https:\/\/kurtjakob.ch\/?p=4267"},"modified":"2021-12-23T18:46:31","modified_gmt":"2021-12-23T18:46:31","slug":"tesla-unfall-in-wallisellen-zh-jetzt-spricht-der-lenker-blick","status":"publish","type":"post","link":"https:\/\/kurtjakob.ch\/?p=4267","title":{"rendered":"Tesla-Unfall in Wallisellen ZH: Jetzt spricht der Lenker &#8211; Blick"},"content":{"rendered":"<blockquote><p>Das Auto hat Totalschaden. Lenker Martin Eigenmann (64) aus Glattfelden ZH bleibt abgesehen von paar Kratzern unverletzt. Am Dienstag ereignete sich in Wallisellen ein spektakul\u00e4rer Tesla-Unfall. Trotz Crash ist f\u00fcr Eigenmann aber klar: \u00abTesla ist das sicherste Auto.\u00bb<\/p>\n<p>Es sind spektakul\u00e4re Szenen, die sich am Dienstagnachmittag in Wallisellen ZH ereignen: Gem\u00e4ss Blick-Leserreportern habe ein BMW ein Rotlicht ignoriert. Ein Tesla habe dann dem Auto ausweichen m\u00fcssen. Nach dem Man\u00f6ver kracht das Elektroauto ins Gel\u00e4nder einer Unterf\u00fchrung und bleibt dort stecken.<\/p><\/blockquote>\n<p>Quelle: <em><a href=\"https:\/\/www.blick.ch\/schweiz\/zuerich\/martin-eigenmann-64-crashte-in-wallisellen-zh-mit-seinem-tesla-in-eine-unterfuehrung-von-wegen-autopilot-ich-war-das-id17092178.html\">Tesla-Unfall in Wallisellen ZH: Jetzt spricht der Lenker &#8211; Blick<\/a><\/em><\/p>\n","protected":false},"excerpt":{"rendered":"<p>Das Auto hat Totalschaden. Lenker Martin Eigenmann (64) aus Glattfelden ZH bleibt abgesehen von paar Kratzern unverletzt. Am Dienstag ereignete sich in Wallisellen ein spektakul\u00e4rer Tesla-Unfall. Trotz Crash ist f\u00fcr Eigenmann aber klar: \u00abTesla ist das sicherste Auto.\u00bb Es sind spektakul\u00e4re Szenen, die sich am Dienstagnachmittag in Wallisellen ZH ereignen: Gem\u00e4ss Blick-Leserreportern habe ein BMW [&hellip;]<\/p>\n","protected":false},"author":4,"featured_media":0,"comment_status":"open","ping_status":"open","sticky":false,"template":"","format":"standard","meta":{"footnotes":""},"categories":[271],"tags":[185],"class_list":["post-4267","post","type-post","status-publish","format-standard","hentry","category-elektromobilitaet","tag-tesla"],"_links":{"self":[{"href":"https:\/\/kurtjakob.ch\/index.php?rest_route=\/wp\/v2\/posts\/4267","targetHints":{"allow":["GET"]}}],"collection":[{"href":"https:\/\/kurtjakob.ch\/index.php?rest_route=\/wp\/v2\/posts"}],"about":[{"href":"https:\/\/kurtjakob.ch\/index.php?rest_route=\/wp\/v2\/types\/post"}],"author":[{"embeddable":true,"href":"https:\/\/kurtjakob.ch\/index.php?rest_route=\/wp\/v2\/users\/4"}],"replies":[{"embeddable":true,"href":"https:\/\/kurtjakob.ch\/index.php?rest_route=%2Fwp%2Fv2%2Fcomments&post=4267"}],"version-history":[{"count":1,"href":"https:\/\/kurtjakob.ch\/index.php?rest_route=\/wp\/v2\/posts\/4267\/revisions"}],"predecessor-version":[{"id":4268,"href":"https:\/\/kurtjakob.ch\/index.php?rest_route=\/wp\/v2\/posts\/4267\/revisions\/4268"}],"wp:attachment":[{"href":"https:\/\/kurtjakob.ch\/index.php?rest_route=%2Fwp%2Fv2%2Fmedia&parent=4267"}],"wp:term":[{"taxonomy":"category","embeddable":true,"href":"https:\/\/kurtjakob.ch\/index.php?rest_route=%2Fwp%2Fv2%2Fcategories&post=4267"},{"taxonomy":"post_tag","embeddable":true,"href":"https:\/\/kurtjakob.ch\/index.php?rest_route=%2Fwp%2Fv2%2Ftags&post=4267"}],"curies":[{"name":"wp","href":"https:\/\/api.w.org\/{rel}","templated":true}]}}