{"id":4265,"date":"2021-12-23T18:43:45","date_gmt":"2021-12-23T18:43:45","guid":{"rendered":"https:\/\/kurtjakob.ch\/?p=4265"},"modified":"2021-12-23T18:43:45","modified_gmt":"2021-12-23T18:43:45","slug":"tesla-fabrik-in-gruenheide-erteilung-der-baugenehmigung-steht-kurz-bevor-manager-magazin","status":"publish","type":"post","link":"https:\/\/kurtjakob.ch\/?p=4265","title":{"rendered":"Tesla-Fabrik in Gr\u00fcnheide: Erteilung der Baugenehmigung steht kurz bevor &#8211; manager magazin"},"content":{"rendered":"<blockquote><p>Eigentlich wollte Tesla-Chef Elon Musk noch in diesem Jahr mit der Auslieferung von Elektroautos aus der Fabrik im brandenburgischen Gr\u00fcnheide beginnen. Doch noch immer fehlt ihm die endg\u00fcltige Baugenehmigung f\u00fcr seine Gigafactory. Das k\u00f6nnte sich nun \u00e4ndern.<\/p><\/blockquote>\n<p>Quelle: <em><a href=\"https:\/\/www.manager-magazin.de\/unternehmen\/autoindustrie\/tesla-fabrik-in-gruenheide-erteilung-der-baugenehmigung-steht-kurz-bevor-a-5d197b50-3b49-4238-904c-f0377df481f8\">Tesla-Fabrik in Gr\u00fcnheide: Erteilung der Baugenehmigung steht kurz bevor &#8211; manager magazin<\/a><\/em><\/p>\n","protected":false},"excerpt":{"rendered":"<p>Eigentlich wollte Tesla-Chef Elon Musk noch in diesem Jahr mit der Auslieferung von Elektroautos aus der Fabrik im brandenburgischen Gr\u00fcnheide beginnen. Doch noch immer fehlt ihm die endg\u00fcltige Baugenehmigung f\u00fcr seine Gigafactory. Das k\u00f6nnte sich nun \u00e4ndern. Quelle: Tesla-Fabrik in Gr\u00fcnheide: Erteilung der Baugenehmigung steht kurz bevor &#8211; manager magazin<\/p>\n","protected":false},"author":4,"featured_media":0,"comment_status":"open","ping_status":"open","sticky":false,"template":"","format":"standard","meta":{"footnotes":""},"categories":[271],"tags":[353,185],"class_list":["post-4265","post","type-post","status-publish","format-standard","hentry","category-elektromobilitaet","tag-gruenheide","tag-tesla"],"_links":{"self":[{"href":"https:\/\/kurtjakob.ch\/index.php?rest_route=\/wp\/v2\/posts\/4265","targetHints":{"allow":["GET"]}}],"collection":[{"href":"https:\/\/kurtjakob.ch\/index.php?rest_route=\/wp\/v2\/posts"}],"about":[{"href":"https:\/\/kurtjakob.ch\/index.php?rest_route=\/wp\/v2\/types\/post"}],"author":[{"embeddable":true,"href":"https:\/\/kurtjakob.ch\/index.php?rest_route=\/wp\/v2\/users\/4"}],"replies":[{"embeddable":true,"href":"https:\/\/kurtjakob.ch\/index.php?rest_route=%2Fwp%2Fv2%2Fcomments&post=4265"}],"version-history":[{"count":1,"href":"https:\/\/kurtjakob.ch\/index.php?rest_route=\/wp\/v2\/posts\/4265\/revisions"}],"predecessor-version":[{"id":4266,"href":"https:\/\/kurtjakob.ch\/index.php?rest_route=\/wp\/v2\/posts\/4265\/revisions\/4266"}],"wp:attachment":[{"href":"https:\/\/kurtjakob.ch\/index.php?rest_route=%2Fwp%2Fv2%2Fmedia&parent=4265"}],"wp:term":[{"taxonomy":"category","embeddable":true,"href":"https:\/\/kurtjakob.ch\/index.php?rest_route=%2Fwp%2Fv2%2Fcategories&post=4265"},{"taxonomy":"post_tag","embeddable":true,"href":"https:\/\/kurtjakob.ch\/index.php?rest_route=%2Fwp%2Fv2%2Ftags&post=4265"}],"curies":[{"name":"wp","href":"https:\/\/api.w.org\/{rel}","templated":true}]}}