{"id":4248,"date":"2021-11-21T20:07:00","date_gmt":"2021-11-21T20:07:00","guid":{"rendered":"https:\/\/kurtjakob.ch\/?p=4248"},"modified":"2021-11-21T20:07:00","modified_gmt":"2021-11-21T20:07:00","slug":"volkswagen-will-tesla-mit-schnellladenetzwerk-offensive-kontern","status":"publish","type":"post","link":"https:\/\/kurtjakob.ch\/?p=4248","title":{"rendered":"Volkswagen will Tesla mit Schnellladenetzwerk-Offensive kontern"},"content":{"rendered":"<p>Dann w\u00fcnsche ich VW viel Gl\u00fcck, es gibt einiges aufzuholen, wenn sie Tesla mit den Ladestationen einholen wollen.<\/p>\n<blockquote><p>Der Volkswagen-Konzern m\u00f6chte E-Mobilit\u00e4ts-Vorreiter Tesla offenbar in allen Belangen \u00fcberholen. Jetzt geht der Konzern eigenen Angaben zufolge massiv den Ausbau der Ladeinfrastruktur an.<\/p><\/blockquote>\n<p>Quelle: <em><a href=\"https:\/\/t3n.de\/news\/volkswagen-schnellladenetzwerk-1428709\/\">Volkswagen will Tesla mit Schnellladenetzwerk-Offensive kontern<\/a><\/em><\/p>\n","protected":false},"excerpt":{"rendered":"<p>Dann w\u00fcnsche ich VW viel Gl\u00fcck, es gibt einiges aufzuholen, wenn sie Tesla mit den Ladestationen einholen wollen. Der Volkswagen-Konzern m\u00f6chte E-Mobilit\u00e4ts-Vorreiter Tesla offenbar in allen Belangen \u00fcberholen. Jetzt geht der Konzern eigenen Angaben zufolge massiv den Ausbau der Ladeinfrastruktur an. Quelle: Volkswagen will Tesla mit Schnellladenetzwerk-Offensive kontern<\/p>\n","protected":false},"author":4,"featured_media":0,"comment_status":"open","ping_status":"open","sticky":false,"template":"","format":"standard","meta":{"footnotes":""},"categories":[271],"tags":[185],"class_list":["post-4248","post","type-post","status-publish","format-standard","hentry","category-elektromobilitaet","tag-tesla"],"_links":{"self":[{"href":"https:\/\/kurtjakob.ch\/index.php?rest_route=\/wp\/v2\/posts\/4248","targetHints":{"allow":["GET"]}}],"collection":[{"href":"https:\/\/kurtjakob.ch\/index.php?rest_route=\/wp\/v2\/posts"}],"about":[{"href":"https:\/\/kurtjakob.ch\/index.php?rest_route=\/wp\/v2\/types\/post"}],"author":[{"embeddable":true,"href":"https:\/\/kurtjakob.ch\/index.php?rest_route=\/wp\/v2\/users\/4"}],"replies":[{"embeddable":true,"href":"https:\/\/kurtjakob.ch\/index.php?rest_route=%2Fwp%2Fv2%2Fcomments&post=4248"}],"version-history":[{"count":1,"href":"https:\/\/kurtjakob.ch\/index.php?rest_route=\/wp\/v2\/posts\/4248\/revisions"}],"predecessor-version":[{"id":4249,"href":"https:\/\/kurtjakob.ch\/index.php?rest_route=\/wp\/v2\/posts\/4248\/revisions\/4249"}],"wp:attachment":[{"href":"https:\/\/kurtjakob.ch\/index.php?rest_route=%2Fwp%2Fv2%2Fmedia&parent=4248"}],"wp:term":[{"taxonomy":"category","embeddable":true,"href":"https:\/\/kurtjakob.ch\/index.php?rest_route=%2Fwp%2Fv2%2Fcategories&post=4248"},{"taxonomy":"post_tag","embeddable":true,"href":"https:\/\/kurtjakob.ch\/index.php?rest_route=%2Fwp%2Fv2%2Ftags&post=4248"}],"curies":[{"name":"wp","href":"https:\/\/api.w.org\/{rel}","templated":true}]}}