{"id":4241,"date":"2021-11-21T20:00:46","date_gmt":"2021-11-21T20:00:46","guid":{"rendered":"https:\/\/kurtjakob.ch\/?p=4241"},"modified":"2021-11-21T20:00:46","modified_gmt":"2021-11-21T20:00:46","slug":"nach-56-jahren-verbrenner-92-jaehrige-steigt-in-tesla-um-ihr-urteil-ist-klar-efahrer-com","status":"publish","type":"post","link":"https:\/\/kurtjakob.ch\/?p=4241","title":{"rendered":"Nach 56 Jahren Verbrenner: 92-J\u00e4hrige steigt in Tesla um &#8211; Ihr Urteil ist klar &#8211; EFAHRER.com"},"content":{"rendered":"<blockquote><p><strong><a href=\"https:\/\/efahrer.chip.de\/news\/nach-56-jahren-verbrenner-92-jaehrige-steigt-in-tesla-um-ihr-urteil-ist-klar_106432\"><img loading=\"lazy\" decoding=\"async\" class=\"alignnone \" src=\"https:\/\/im-efahrer.chip.de\/files\/20211019-161116-6197f61f7927a.jpg?imPolicy=IfOrientation&amp;width=720&amp;height=405&amp;color=%23000000&amp;hash=e31abe46732b816e84ccd90720d62cbdbb74c7bb3ad97b64cd07f51ab628bf39\" alt=\"\" width=\"459\" height=\"258\" \/><\/a>Eine 92-j\u00e4hrige aus Baden-W\u00fcrttemberg hat nach 56 Jahren hinterm Steuer von franz\u00f6sischen Verbrennern ihren Renault gegen einen Tesla getauscht. F\u00fcr EFAHRER.com zieht die Elektro-Oma ein eindeutiges Fazit.<\/strong><\/p>\n<p>&#8222;Der Tesla hat mir einen richtigen Kick gegeben&#8220;<\/p>\n<p>Die 92-j\u00e4hrige Sigrun Schaefer hat ihren Tesla geleast. \u201eR\u00fcckblickend bereue ich diese Entscheidung etwas. Ich h\u00e4tte ihn besser gekauft. Die Familie steht jetzt schon Schlange\u201c, sagt sie. \u201eNa ja, bis zum 95. Lebensjahr m\u00fcsste es ja reichen!\u201cIhre Trips plant die 92-J\u00e4hrige mit dem Tesla-Navi. \u201eDas ist viel einfacher als mein altes Tomtom\u201c, sagt sie. \u201eDie Ruhe, die Kraft und die Fahrassistenzen machen das Reisen im Tesla viel angenehmer als im Verbrenner.\u201cSchaefer nutzt ihren Tesla n\u00e4mlich l\u00e4ngst nicht mehr nur f\u00fcr Eink\u00e4ufe und Arzttermine, sondern auch f\u00fcr Ausfl\u00fcge ins Umland und Verwandschaftsbesuche. \u201eNachdem mein Mann gestorben ist, komme ich nicht mehr soviel raus\u201c, sagt Schaefer. \u201eAber der Tesla hat mir einen richtigen Kick gegeben. Ich mache jetzt wieder richtige Ausfl\u00fcge\u201c, sagt Schaefer.<\/p><\/blockquote>\n<p>Quelle: <em><a href=\"https:\/\/efahrer.chip.de\/news\/nach-56-jahren-verbrenner-92-jaehrige-steigt-in-tesla-um-ihr-urteil-ist-klar_106432\">Nach 56 Jahren Verbrenner: 92-J\u00e4hrige steigt in Tesla um &#8211; Ihr Urteil ist klar &#8211; EFAHRER.com<\/a><\/em><\/p>\n","protected":false},"excerpt":{"rendered":"<p>Eine 92-j\u00e4hrige aus Baden-W\u00fcrttemberg hat nach 56 Jahren hinterm Steuer von franz\u00f6sischen Verbrennern ihren Renault gegen einen Tesla getauscht. F\u00fcr EFAHRER.com zieht die Elektro-Oma ein eindeutiges Fazit. &#8222;Der Tesla hat mir einen richtigen Kick gegeben&#8220; Die 92-j\u00e4hrige Sigrun Schaefer hat ihren Tesla geleast. \u201eR\u00fcckblickend bereue ich diese Entscheidung etwas. Ich h\u00e4tte ihn besser gekauft. Die [&hellip;]<\/p>\n","protected":false},"author":4,"featured_media":0,"comment_status":"open","ping_status":"open","sticky":false,"template":"","format":"standard","meta":{"footnotes":""},"categories":[271],"tags":[185],"class_list":["post-4241","post","type-post","status-publish","format-standard","hentry","category-elektromobilitaet","tag-tesla"],"_links":{"self":[{"href":"https:\/\/kurtjakob.ch\/index.php?rest_route=\/wp\/v2\/posts\/4241","targetHints":{"allow":["GET"]}}],"collection":[{"href":"https:\/\/kurtjakob.ch\/index.php?rest_route=\/wp\/v2\/posts"}],"about":[{"href":"https:\/\/kurtjakob.ch\/index.php?rest_route=\/wp\/v2\/types\/post"}],"author":[{"embeddable":true,"href":"https:\/\/kurtjakob.ch\/index.php?rest_route=\/wp\/v2\/users\/4"}],"replies":[{"embeddable":true,"href":"https:\/\/kurtjakob.ch\/index.php?rest_route=%2Fwp%2Fv2%2Fcomments&post=4241"}],"version-history":[{"count":1,"href":"https:\/\/kurtjakob.ch\/index.php?rest_route=\/wp\/v2\/posts\/4241\/revisions"}],"predecessor-version":[{"id":4242,"href":"https:\/\/kurtjakob.ch\/index.php?rest_route=\/wp\/v2\/posts\/4241\/revisions\/4242"}],"wp:attachment":[{"href":"https:\/\/kurtjakob.ch\/index.php?rest_route=%2Fwp%2Fv2%2Fmedia&parent=4241"}],"wp:term":[{"taxonomy":"category","embeddable":true,"href":"https:\/\/kurtjakob.ch\/index.php?rest_route=%2Fwp%2Fv2%2Fcategories&post=4241"},{"taxonomy":"post_tag","embeddable":true,"href":"https:\/\/kurtjakob.ch\/index.php?rest_route=%2Fwp%2Fv2%2Ftags&post=4241"}],"curies":[{"name":"wp","href":"https:\/\/api.w.org\/{rel}","templated":true}]}}