{"id":4238,"date":"2021-11-21T19:57:49","date_gmt":"2021-11-21T19:57:49","guid":{"rendered":"https:\/\/kurtjakob.ch\/?p=4238"},"modified":"2021-11-21T19:57:49","modified_gmt":"2021-11-21T19:57:49","slug":"250-000-tesla-powerwalls-installiert-speicher-markt-soll-extrem-wachsen-teslamag-de","status":"publish","type":"post","link":"https:\/\/kurtjakob.ch\/?p=4238","title":{"rendered":"250.000 Tesla Powerwalls installiert, Speicher-Markt soll extrem wachsen > teslamag.de"},"content":{"rendered":"<p><a href=\"https:\/\/teslamag.de\/news\/tesla-250000-installierte-powerwalls-studie-extremes-markt-wachstum-2030-43066\"><img loading=\"lazy\" decoding=\"async\" class=\"alignnone \" src=\"https:\/\/kurtjakob.ch\/wp-content\/uploads\/2021\/11\/haus-tesla-photovoltaik-powerwall-740x425-1.jpg\" alt=\"\" width=\"507\" height=\"291\" \/><\/a><\/p>\n<blockquote><p>Die Energie-Sparte von Tesla hat im vergangenen halben Jahr etwa 50.000 Einheiten ihre Haus-Speichers Powerwall installiert. Das geht aus einem Beitrag des Unternehmens auf Twitter hervor, laut dem die weltweite Gesamtzahl mittlerweile bei mehr als 250.000 Powerwalls liegt \u2013 erst in diesem Mai wurde die 200.000er-Marke \u00fcberschritten. Die Nachfrage d\u00fcrfte noch gr\u00f6\u00dfer sein. Und eine Marktforschungsfirma geht davon aus, dass weltweit bis 2030 fast 1000 Gigawattstunden an neuen Akku-Speichern entstehen werden.<\/p><\/blockquote>\n<p>Quelle: <em><a href=\"https:\/\/teslamag.de\/news\/tesla-250000-installierte-powerwalls-studie-extremes-markt-wachstum-2030-43066\">250.000 Tesla Powerwalls installiert, Speicher-Markt soll extrem wachsen &gt; teslamag.de<\/a><\/em><\/p>\n","protected":false},"excerpt":{"rendered":"<p>Die Energie-Sparte von Tesla hat im vergangenen halben Jahr etwa 50.000 Einheiten ihre Haus-Speichers Powerwall installiert. Das geht aus einem Beitrag des Unternehmens auf Twitter hervor, laut dem die weltweite Gesamtzahl mittlerweile bei mehr als 250.000 Powerwalls liegt \u2013 erst in diesem Mai wurde die 200.000er-Marke \u00fcberschritten. Die Nachfrage d\u00fcrfte noch gr\u00f6\u00dfer sein. Und eine [&hellip;]<\/p>\n","protected":false},"author":4,"featured_media":0,"comment_status":"open","ping_status":"open","sticky":false,"template":"","format":"standard","meta":{"footnotes":""},"categories":[271],"tags":[185],"class_list":["post-4238","post","type-post","status-publish","format-standard","hentry","category-elektromobilitaet","tag-tesla"],"_links":{"self":[{"href":"https:\/\/kurtjakob.ch\/index.php?rest_route=\/wp\/v2\/posts\/4238","targetHints":{"allow":["GET"]}}],"collection":[{"href":"https:\/\/kurtjakob.ch\/index.php?rest_route=\/wp\/v2\/posts"}],"about":[{"href":"https:\/\/kurtjakob.ch\/index.php?rest_route=\/wp\/v2\/types\/post"}],"author":[{"embeddable":true,"href":"https:\/\/kurtjakob.ch\/index.php?rest_route=\/wp\/v2\/users\/4"}],"replies":[{"embeddable":true,"href":"https:\/\/kurtjakob.ch\/index.php?rest_route=%2Fwp%2Fv2%2Fcomments&post=4238"}],"version-history":[{"count":1,"href":"https:\/\/kurtjakob.ch\/index.php?rest_route=\/wp\/v2\/posts\/4238\/revisions"}],"predecessor-version":[{"id":4240,"href":"https:\/\/kurtjakob.ch\/index.php?rest_route=\/wp\/v2\/posts\/4238\/revisions\/4240"}],"wp:attachment":[{"href":"https:\/\/kurtjakob.ch\/index.php?rest_route=%2Fwp%2Fv2%2Fmedia&parent=4238"}],"wp:term":[{"taxonomy":"category","embeddable":true,"href":"https:\/\/kurtjakob.ch\/index.php?rest_route=%2Fwp%2Fv2%2Fcategories&post=4238"},{"taxonomy":"post_tag","embeddable":true,"href":"https:\/\/kurtjakob.ch\/index.php?rest_route=%2Fwp%2Fv2%2Ftags&post=4238"}],"curies":[{"name":"wp","href":"https:\/\/api.w.org\/{rel}","templated":true}]}}