{"id":4236,"date":"2021-11-21T19:52:40","date_gmt":"2021-11-21T19:52:40","guid":{"rendered":"https:\/\/kurtjakob.ch\/?p=4236"},"modified":"2021-11-21T19:52:40","modified_gmt":"2021-11-21T19:52:40","slug":"bmw-ix3-erhaelt-batterie-vorkonditionierung-i3-als-sonderedition-electrive-net","status":"publish","type":"post","link":"https:\/\/kurtjakob.ch\/?p=4236","title":{"rendered":"BMW: iX3 erh\u00e4lt Batterie-Vorkonditionierung \/ i3 als Sonderedition &#8211; electrive.net"},"content":{"rendered":"<p>Nun ja, wie kann man dies als Neuheit darstellen. Das ist bei Tesla schon l\u00e4ngst bekannt.<\/p>\n<blockquote><p>BMW gibt eine Reihe von Modellpflege-Ma\u00dfnahmen bekannt, die auch zwei Elektromodelle im Portfolio der M\u00fcnchner betreffen: Der BMW iX3 erh\u00e4lt ab November 2021 ein vorausschauendes Batteriew\u00e4rmemanagement, der BMW i3 wird in einer limitierten Auflage als Edition Unique Forever angeboten.Zun\u00e4chst zum iX3, der seit 2020 in China in Serie gebaut wird. Das E-SUV wird ab Herbst mit einem intelligenten Batteriew\u00e4rmemanagement ausgestattet, um unabh\u00e4ngig von den Betriebs- und Au\u00dfentemperaturen eine verbesserte Ladekurve beim DC-Laden zu erhalten. Das System funktioniert folgenderma\u00dfen: Sobald die aktive Routenf\u00fchrung des Navigationssystems einen Zwischenstopp an einem HPC-Lader vorsieht, sorgt das neue W\u00e4rmemanagement bereits w\u00e4hrend der Anfahrt f\u00fcr eine automatische Vorkonditionierung der Batterie. Das System ber\u00fccksichtige dabei unter anderem die Batterietemperatur, die Restreichweite, die prognostizierte Ladeleistung und den im Rahmen der Gesamtroutenberechnung geplanten Umfang des Ladevorgangs, teilt BMW mit.<\/p><\/blockquote>\n<p>Quelle: <em><a href=\"https:\/\/www.electrive.net\/2021\/09\/22\/bmw-ix3-erhaelt-batterie-vorkonditionierung-i3-als-sonderedition\/\">BMW: iX3 erh\u00e4lt Batterie-Vorkonditionierung \/ i3 als Sonderedition &#8211; electrive.net<\/a><\/em><\/p>\n","protected":false},"excerpt":{"rendered":"<p>Nun ja, wie kann man dies als Neuheit darstellen. Das ist bei Tesla schon l\u00e4ngst bekannt. BMW gibt eine Reihe von Modellpflege-Ma\u00dfnahmen bekannt, die auch zwei Elektromodelle im Portfolio der M\u00fcnchner betreffen: Der BMW iX3 erh\u00e4lt ab November 2021 ein vorausschauendes Batteriew\u00e4rmemanagement, der BMW i3 wird in einer limitierten Auflage als Edition Unique Forever angeboten.Zun\u00e4chst [&hellip;]<\/p>\n","protected":false},"author":4,"featured_media":0,"comment_status":"open","ping_status":"open","sticky":false,"template":"","format":"standard","meta":{"footnotes":""},"categories":[271],"tags":[185],"class_list":["post-4236","post","type-post","status-publish","format-standard","hentry","category-elektromobilitaet","tag-tesla"],"_links":{"self":[{"href":"https:\/\/kurtjakob.ch\/index.php?rest_route=\/wp\/v2\/posts\/4236","targetHints":{"allow":["GET"]}}],"collection":[{"href":"https:\/\/kurtjakob.ch\/index.php?rest_route=\/wp\/v2\/posts"}],"about":[{"href":"https:\/\/kurtjakob.ch\/index.php?rest_route=\/wp\/v2\/types\/post"}],"author":[{"embeddable":true,"href":"https:\/\/kurtjakob.ch\/index.php?rest_route=\/wp\/v2\/users\/4"}],"replies":[{"embeddable":true,"href":"https:\/\/kurtjakob.ch\/index.php?rest_route=%2Fwp%2Fv2%2Fcomments&post=4236"}],"version-history":[{"count":1,"href":"https:\/\/kurtjakob.ch\/index.php?rest_route=\/wp\/v2\/posts\/4236\/revisions"}],"predecessor-version":[{"id":4237,"href":"https:\/\/kurtjakob.ch\/index.php?rest_route=\/wp\/v2\/posts\/4236\/revisions\/4237"}],"wp:attachment":[{"href":"https:\/\/kurtjakob.ch\/index.php?rest_route=%2Fwp%2Fv2%2Fmedia&parent=4236"}],"wp:term":[{"taxonomy":"category","embeddable":true,"href":"https:\/\/kurtjakob.ch\/index.php?rest_route=%2Fwp%2Fv2%2Fcategories&post=4236"},{"taxonomy":"post_tag","embeddable":true,"href":"https:\/\/kurtjakob.ch\/index.php?rest_route=%2Fwp%2Fv2%2Ftags&post=4236"}],"curies":[{"name":"wp","href":"https:\/\/api.w.org\/{rel}","templated":true}]}}