{"id":4222,"date":"2021-09-09T18:59:21","date_gmt":"2021-09-09T18:59:21","guid":{"rendered":"https:\/\/kurtjakob.ch\/?p=4222"},"modified":"2021-09-09T19:01:26","modified_gmt":"2021-09-09T19:01:26","slug":"verbrecher-verlag-meldet-lieferprobleme","status":"publish","type":"post","link":"https:\/\/kurtjakob.ch\/?p=4222","title":{"rendered":"Verbrecher-Verlag meldet Lieferprobleme"},"content":{"rendered":"<p><img loading=\"lazy\" decoding=\"async\" class=\"alignnone size-full wp-image-4224\" src=\"https:\/\/kurtjakob.ch\/wp-content\/uploads\/2021\/09\/09-09-_2021_20-56-42.png\" alt=\"\" width=\"134\" height=\"195\" \/><\/p>\n<p>Wie man in einem Artikel von Buchreport.de lesen kann, gibt es Lieferschwierigkeiten beim Buch von <a href=\"https:\/\/www.verbrecherverlag.de\/book\/detail\/1061\" target=\"_blank\" rel=\"noopener\">Dilek G\u00fcng\u00f6rs<\/a>. Nur zur Information, diese Lieferschwierigkeiten gelten nicht f\u00fcr das <a href=\"https:\/\/www.exlibris.ch\/de\/buecher-buch\/e-books-deutsch\/dilek-guengoer\/vater-und-ich\/id\/9783957325051\" target=\"_blank\" rel=\"noopener\">Ebook<\/a>.<\/p>\n<blockquote><p>Gerade erst wurde Dilek G\u00fcng\u00f6rs Buch \u201eVater und ich\u201c f\u00fcr die Longlist des Deutschen Buchpreises 2021 nominiert. Doch der Berliner Verbrecher Verlag meldet: Die Auslieferung pausiert.Der Verlag nennt \u201eallgemein bekannte Produktionsschwierigkeiten in den Druckereien\u201c als Ursache f\u00fcr den Stopp. Erst ab Ende dieser Woche rechnet der Verlag mit einer Normalisierung.<\/p><\/blockquote>\n<p>Quelle: <em><a href=\"https:\/\/www.buchreport.de\/news\/verbrecher-verlag-meldet-lieferprobleme\/\">Verbrecher-Verlag meldet Lieferprobleme &#8211; buchreport<\/a><\/em><\/p>\n","protected":false},"excerpt":{"rendered":"<p>Wie man in einem Artikel von Buchreport.de lesen kann, gibt es Lieferschwierigkeiten beim Buch von Dilek G\u00fcng\u00f6rs. Nur zur Information, diese Lieferschwierigkeiten gelten nicht f\u00fcr das Ebook. Gerade erst wurde Dilek G\u00fcng\u00f6rs Buch \u201eVater und ich\u201c f\u00fcr die Longlist des Deutschen Buchpreises 2021 nominiert. Doch der Berliner Verbrecher Verlag meldet: Die Auslieferung pausiert.Der Verlag nennt [&hellip;]<\/p>\n","protected":false},"author":4,"featured_media":0,"comment_status":"open","ping_status":"open","sticky":false,"template":"","format":"standard","meta":{"footnotes":""},"categories":[181],"tags":[79,352,27],"class_list":["post-4222","post","type-post","status-publish","format-standard","hentry","category-buch","tag-buch","tag-deutscher-buchpreis-2021","tag-ebook"],"_links":{"self":[{"href":"https:\/\/kurtjakob.ch\/index.php?rest_route=\/wp\/v2\/posts\/4222","targetHints":{"allow":["GET"]}}],"collection":[{"href":"https:\/\/kurtjakob.ch\/index.php?rest_route=\/wp\/v2\/posts"}],"about":[{"href":"https:\/\/kurtjakob.ch\/index.php?rest_route=\/wp\/v2\/types\/post"}],"author":[{"embeddable":true,"href":"https:\/\/kurtjakob.ch\/index.php?rest_route=\/wp\/v2\/users\/4"}],"replies":[{"embeddable":true,"href":"https:\/\/kurtjakob.ch\/index.php?rest_route=%2Fwp%2Fv2%2Fcomments&post=4222"}],"version-history":[{"count":3,"href":"https:\/\/kurtjakob.ch\/index.php?rest_route=\/wp\/v2\/posts\/4222\/revisions"}],"predecessor-version":[{"id":4226,"href":"https:\/\/kurtjakob.ch\/index.php?rest_route=\/wp\/v2\/posts\/4222\/revisions\/4226"}],"wp:attachment":[{"href":"https:\/\/kurtjakob.ch\/index.php?rest_route=%2Fwp%2Fv2%2Fmedia&parent=4222"}],"wp:term":[{"taxonomy":"category","embeddable":true,"href":"https:\/\/kurtjakob.ch\/index.php?rest_route=%2Fwp%2Fv2%2Fcategories&post=4222"},{"taxonomy":"post_tag","embeddable":true,"href":"https:\/\/kurtjakob.ch\/index.php?rest_route=%2Fwp%2Fv2%2Ftags&post=4222"}],"curies":[{"name":"wp","href":"https:\/\/api.w.org\/{rel}","templated":true}]}}