{"id":4220,"date":"2021-09-09T18:24:17","date_gmt":"2021-09-09T18:24:17","guid":{"rendered":"https:\/\/kurtjakob.ch\/?p=4220"},"modified":"2021-09-09T18:24:17","modified_gmt":"2021-09-09T18:24:17","slug":"bereits-2023-soll-es-soweit-sein-elon-musk-will-tesla-ohne-lenkrad-und-pedale-efahrer-com","status":"publish","type":"post","link":"https:\/\/kurtjakob.ch\/?p=4220","title":{"rendered":"Bereits 2023 soll es soweit sein: Elon Musk will Tesla ohne Lenkrad und Pedale &#8211; EFAHRER.com"},"content":{"rendered":"<blockquote><p>Tesla will ein \u201eunwiderstehliches 25.000-Dollar-Elektroauto herstellen, das zudem v\u00f6llig autonom ist.\u201c Das k\u00fcndigte Elon Musk am letztj\u00e4hrigen Battery Day an. Der g\u00fcnstigere Preis sollte vor allem durch billigere Batterieproduktion erm\u00f6glicht werden. Jetzt gibt es Neuigkeiten zum Modell.Bei einer firmenweiten Besprechung k\u00fcndigte Musk Anfang September an, dass die Produktion des 25.000 Dollar-Modells bereits 2023 beginnen soll, so \u201eElectrek\u201c. Der Name des Vehikels wird jedoch nicht Model 2 lauten, wie das Auto informell genannt wird. Den tats\u00e4chlichen Namen verr\u00e4t Musk noch nicht.<\/p><\/blockquote>\n<p>Quelle: <em><a href=\"https:\/\/efahrer.chip.de\/news\/bereits-2023-soll-es-soweit-sein-elon-musk-will-tesla-ohne-lenkrad-und-pedale_105837\">Bereits 2023 soll es soweit sein: Elon Musk will Tesla ohne Lenkrad und Pedale &#8211; EFAHRER.com<\/a><\/em><\/p>\n","protected":false},"excerpt":{"rendered":"<p>Tesla will ein \u201eunwiderstehliches 25.000-Dollar-Elektroauto herstellen, das zudem v\u00f6llig autonom ist.\u201c Das k\u00fcndigte Elon Musk am letztj\u00e4hrigen Battery Day an. Der g\u00fcnstigere Preis sollte vor allem durch billigere Batterieproduktion erm\u00f6glicht werden. Jetzt gibt es Neuigkeiten zum Modell.Bei einer firmenweiten Besprechung k\u00fcndigte Musk Anfang September an, dass die Produktion des 25.000 Dollar-Modells bereits 2023 beginnen soll, [&hellip;]<\/p>\n","protected":false},"author":4,"featured_media":0,"comment_status":"open","ping_status":"open","sticky":false,"template":"","format":"standard","meta":{"footnotes":""},"categories":[271],"tags":[185],"class_list":["post-4220","post","type-post","status-publish","format-standard","hentry","category-elektromobilitaet","tag-tesla"],"_links":{"self":[{"href":"https:\/\/kurtjakob.ch\/index.php?rest_route=\/wp\/v2\/posts\/4220","targetHints":{"allow":["GET"]}}],"collection":[{"href":"https:\/\/kurtjakob.ch\/index.php?rest_route=\/wp\/v2\/posts"}],"about":[{"href":"https:\/\/kurtjakob.ch\/index.php?rest_route=\/wp\/v2\/types\/post"}],"author":[{"embeddable":true,"href":"https:\/\/kurtjakob.ch\/index.php?rest_route=\/wp\/v2\/users\/4"}],"replies":[{"embeddable":true,"href":"https:\/\/kurtjakob.ch\/index.php?rest_route=%2Fwp%2Fv2%2Fcomments&post=4220"}],"version-history":[{"count":1,"href":"https:\/\/kurtjakob.ch\/index.php?rest_route=\/wp\/v2\/posts\/4220\/revisions"}],"predecessor-version":[{"id":4221,"href":"https:\/\/kurtjakob.ch\/index.php?rest_route=\/wp\/v2\/posts\/4220\/revisions\/4221"}],"wp:attachment":[{"href":"https:\/\/kurtjakob.ch\/index.php?rest_route=%2Fwp%2Fv2%2Fmedia&parent=4220"}],"wp:term":[{"taxonomy":"category","embeddable":true,"href":"https:\/\/kurtjakob.ch\/index.php?rest_route=%2Fwp%2Fv2%2Fcategories&post=4220"},{"taxonomy":"post_tag","embeddable":true,"href":"https:\/\/kurtjakob.ch\/index.php?rest_route=%2Fwp%2Fv2%2Ftags&post=4220"}],"curies":[{"name":"wp","href":"https:\/\/api.w.org\/{rel}","templated":true}]}}