{"id":42,"date":"2006-12-28T20:53:35","date_gmt":"2006-12-28T20:53:35","guid":{"rendered":"http:\/\/wp.kurtjakob.ch\/?p=42"},"modified":"2021-05-01T18:11:29","modified_gmt":"2021-05-01T18:11:29","slug":"die-am-schlechtesten-verkauften-ba%c2%bccher","status":"publish","type":"post","link":"https:\/\/kurtjakob.ch\/?p=42","title":{"rendered":"Die am schlechtesten verkauften B\u00fccher"},"content":{"rendered":"<p><span style=\"background-color: #faffff;\"><span style=\"font-size: medium;\">Im <\/span><a href=\"http:\/\/www.literaturcafe.de\/?p=9\" target=\"_blank\" rel=\"noopener\"><span style=\"font-size: medium;\">Literaturcaf\u00e9.de<\/span><\/a><span style=\"font-size: medium;\"> habe ich den Hinweis auf den Link zu den am schlechtesten verkauften B\u00fcchern des Jahres gefunden. Vom Buch <em>Vors\u00e4tzliche Hemmungen<\/em> von Muriel Spark wurden tats\u00e4chlich nur 6 Exemplare verkauft, oder von Heinrich Manns <em>Der Atem<\/em> 39 Exemplare. Die ganze Liste findet man zum Beispiel <a href=\"http:\/\/www.faz.net\/s\/Rub117C535CDF414415BB243B181B8B60AE\/Doc~EF2258C1D0FAC468A8F3BBDAAF31BFD9B~ATpl~Ecommon~Sdetail_image~Aimg~E1.html?back=\/s\/Rub117C535CDF414415BB243B181B8B60AE\/Doc~EF2258C1D0FAC468A8F3BBDAAF31BFD9B~ATpl~Ecommon~Scontent%C2%A7Phtml\" target=\"_blank\" rel=\"noopener\">hier<\/a>.<\/span><\/span><\/p>\n","protected":false},"excerpt":{"rendered":"<p>Im Literaturcaf\u00e9.de habe ich den Hinweis auf den Link zu den am schlechtesten verkauften B\u00fcchern des Jahres gefunden. Vom Buch Vors\u00e4tzliche Hemmungen von Muriel Spark wurden tats\u00e4chlich nur 6 Exemplare verkauft, oder von Heinrich Manns Der Atem 39 Exemplare. Die ganze Liste findet man zum Beispiel hier.<\/p>\n","protected":false},"author":3,"featured_media":0,"comment_status":"open","ping_status":"open","sticky":false,"template":"","format":"standard","meta":{"footnotes":""},"categories":[181],"tags":[79,6],"class_list":["post-42","post","type-post","status-publish","format-standard","hentry","category-buch","tag-buch","tag-literatur"],"_links":{"self":[{"href":"https:\/\/kurtjakob.ch\/index.php?rest_route=\/wp\/v2\/posts\/42","targetHints":{"allow":["GET"]}}],"collection":[{"href":"https:\/\/kurtjakob.ch\/index.php?rest_route=\/wp\/v2\/posts"}],"about":[{"href":"https:\/\/kurtjakob.ch\/index.php?rest_route=\/wp\/v2\/types\/post"}],"author":[{"embeddable":true,"href":"https:\/\/kurtjakob.ch\/index.php?rest_route=\/wp\/v2\/users\/3"}],"replies":[{"embeddable":true,"href":"https:\/\/kurtjakob.ch\/index.php?rest_route=%2Fwp%2Fv2%2Fcomments&post=42"}],"version-history":[{"count":1,"href":"https:\/\/kurtjakob.ch\/index.php?rest_route=\/wp\/v2\/posts\/42\/revisions"}],"predecessor-version":[{"id":2785,"href":"https:\/\/kurtjakob.ch\/index.php?rest_route=\/wp\/v2\/posts\/42\/revisions\/2785"}],"wp:attachment":[{"href":"https:\/\/kurtjakob.ch\/index.php?rest_route=%2Fwp%2Fv2%2Fmedia&parent=42"}],"wp:term":[{"taxonomy":"category","embeddable":true,"href":"https:\/\/kurtjakob.ch\/index.php?rest_route=%2Fwp%2Fv2%2Fcategories&post=42"},{"taxonomy":"post_tag","embeddable":true,"href":"https:\/\/kurtjakob.ch\/index.php?rest_route=%2Fwp%2Fv2%2Ftags&post=42"}],"curies":[{"name":"wp","href":"https:\/\/api.w.org\/{rel}","templated":true}]}}