{"id":4189,"date":"2021-08-29T18:00:38","date_gmt":"2021-08-29T18:00:38","guid":{"rendered":"https:\/\/kurtjakob.ch\/?p=4189"},"modified":"2021-08-29T18:00:38","modified_gmt":"2021-08-29T18:00:38","slug":"tesla-meilenstein-model-3-weltweit-mehr-1-million-mal-verkauft","status":"publish","type":"post","link":"https:\/\/kurtjakob.ch\/?p=4189","title":{"rendered":"Tesla-Meilenstein: Model 3 weltweit mehr 1 Million mal verkauft"},"content":{"rendered":"<blockquote><p>Als Tesla im vergangenen M\u00e4rz sein millionstes Elektroauto produziert hatte, wies CEO Elon Musk selbst darauf hin. Auf Twitter gratulierte er dem Team dazu und stellte ein Foto eines roten Model Y ein \u2013 wenig sp\u00e4ter und damit \u00fcberraschend fr\u00fch begannen die Auslieferungen des E-Crossovers in Nordamerika. Einen weiteren Meilenstein aber hat Tesla offenbar schon in diesem Juni genommen und nichts davon gesagt: Die Zahl der weltweit verkauften Model 3 \u00fcberschritt eine Million.<\/p><\/blockquote>\n<p>Quelle: <em><a href=\"https:\/\/teslamag.de\/news\/stiller-meilenstein-tesla-model-3-fast-unbemerkt-marke-1-million-verkaeufe-40566\">Tesla-Meilenstein: Model 3 weltweit mehr 1 Million mal verkauft &gt; teslamag.de<\/a><\/em><\/p>\n","protected":false},"excerpt":{"rendered":"<p>Als Tesla im vergangenen M\u00e4rz sein millionstes Elektroauto produziert hatte, wies CEO Elon Musk selbst darauf hin. Auf Twitter gratulierte er dem Team dazu und stellte ein Foto eines roten Model Y ein \u2013 wenig sp\u00e4ter und damit \u00fcberraschend fr\u00fch begannen die Auslieferungen des E-Crossovers in Nordamerika. Einen weiteren Meilenstein aber hat Tesla offenbar schon [&hellip;]<\/p>\n","protected":false},"author":4,"featured_media":0,"comment_status":"open","ping_status":"open","sticky":false,"template":"","format":"standard","meta":{"footnotes":""},"categories":[271],"tags":[185],"class_list":["post-4189","post","type-post","status-publish","format-standard","hentry","category-elektromobilitaet","tag-tesla"],"_links":{"self":[{"href":"https:\/\/kurtjakob.ch\/index.php?rest_route=\/wp\/v2\/posts\/4189","targetHints":{"allow":["GET"]}}],"collection":[{"href":"https:\/\/kurtjakob.ch\/index.php?rest_route=\/wp\/v2\/posts"}],"about":[{"href":"https:\/\/kurtjakob.ch\/index.php?rest_route=\/wp\/v2\/types\/post"}],"author":[{"embeddable":true,"href":"https:\/\/kurtjakob.ch\/index.php?rest_route=\/wp\/v2\/users\/4"}],"replies":[{"embeddable":true,"href":"https:\/\/kurtjakob.ch\/index.php?rest_route=%2Fwp%2Fv2%2Fcomments&post=4189"}],"version-history":[{"count":1,"href":"https:\/\/kurtjakob.ch\/index.php?rest_route=\/wp\/v2\/posts\/4189\/revisions"}],"predecessor-version":[{"id":4190,"href":"https:\/\/kurtjakob.ch\/index.php?rest_route=\/wp\/v2\/posts\/4189\/revisions\/4190"}],"wp:attachment":[{"href":"https:\/\/kurtjakob.ch\/index.php?rest_route=%2Fwp%2Fv2%2Fmedia&parent=4189"}],"wp:term":[{"taxonomy":"category","embeddable":true,"href":"https:\/\/kurtjakob.ch\/index.php?rest_route=%2Fwp%2Fv2%2Fcategories&post=4189"},{"taxonomy":"post_tag","embeddable":true,"href":"https:\/\/kurtjakob.ch\/index.php?rest_route=%2Fwp%2Fv2%2Ftags&post=4189"}],"curies":[{"name":"wp","href":"https:\/\/api.w.org\/{rel}","templated":true}]}}