{"id":4186,"date":"2021-08-29T17:59:37","date_gmt":"2021-08-29T17:59:37","guid":{"rendered":"https:\/\/kurtjakob.ch\/?p=4186"},"modified":"2021-08-29T17:59:37","modified_gmt":"2021-08-29T17:59:37","slug":"fabrik-foto-von-tesla-model-y-spricht-fuer-nahen-start-von-giga-texas","status":"publish","type":"post","link":"https:\/\/kurtjakob.ch\/?p=4186","title":{"rendered":"Fabrik-Foto von Tesla Model Y spricht f\u00fcr nahen Start von Giga Texas"},"content":{"rendered":"<p><a href=\"https:\/\/teslamag.de\/news\/texas-start-erstes-foto-fertiges-tesla-model-y-unfertiger-fabrik-aufgetaucht-40588\"><img loading=\"lazy\" decoding=\"async\" class=\"alignnone \" src=\"https:\/\/kurtjakob.ch\/wp-content\/uploads\/2021\/08\/tesla-model-y-giga-texas-halle-prototyp-740x425-1.jpg\" alt=\"\" width=\"507\" height=\"291\" \/><\/a><\/p>\n<blockquote><p>Das Bild war im Original nur einige Stunden zu sehen, aber das reichte Neugierigen v\u00f6llig aus, um es vielfach zu kopieren und an anderen Stellen im Internet zug\u00e4nglich zu machen: Am sp\u00e4ten Freitag ver\u00f6ffentlichte ein Instagram-Nutzer, der als Standort \u201eTesla Giga Texas\u201c angibt, ein Foto eines Model Y in einem Fabrik-Umfeld. \u201eDie Zukunft bauen\u201c, schrieb er dazu noch. Das wurde weithin so verstanden, dass hier zum ersten Mal ein fertiges Model Y aus der teils noch im Bau befindlichen Gigafactory in Texas zu sehen war.<\/p><\/blockquote>\n<p>Quelle: <em><a href=\"https:\/\/teslamag.de\/news\/texas-start-erstes-foto-fertiges-tesla-model-y-unfertiger-fabrik-aufgetaucht-40588\">Fabrik-Foto von Tesla Model Y spricht f\u00fcr nahen Start von Giga Texas &gt; teslamag.de<\/a><\/em><\/p>\n","protected":false},"excerpt":{"rendered":"<p>Das Bild war im Original nur einige Stunden zu sehen, aber das reichte Neugierigen v\u00f6llig aus, um es vielfach zu kopieren und an anderen Stellen im Internet zug\u00e4nglich zu machen: Am sp\u00e4ten Freitag ver\u00f6ffentlichte ein Instagram-Nutzer, der als Standort \u201eTesla Giga Texas\u201c angibt, ein Foto eines Model Y in einem Fabrik-Umfeld. \u201eDie Zukunft bauen\u201c, schrieb [&hellip;]<\/p>\n","protected":false},"author":4,"featured_media":0,"comment_status":"open","ping_status":"open","sticky":false,"template":"","format":"standard","meta":{"footnotes":""},"categories":[271],"tags":[351,185],"class_list":["post-4186","post","type-post","status-publish","format-standard","hentry","category-elektromobilitaet","tag-model-y","tag-tesla"],"_links":{"self":[{"href":"https:\/\/kurtjakob.ch\/index.php?rest_route=\/wp\/v2\/posts\/4186","targetHints":{"allow":["GET"]}}],"collection":[{"href":"https:\/\/kurtjakob.ch\/index.php?rest_route=\/wp\/v2\/posts"}],"about":[{"href":"https:\/\/kurtjakob.ch\/index.php?rest_route=\/wp\/v2\/types\/post"}],"author":[{"embeddable":true,"href":"https:\/\/kurtjakob.ch\/index.php?rest_route=\/wp\/v2\/users\/4"}],"replies":[{"embeddable":true,"href":"https:\/\/kurtjakob.ch\/index.php?rest_route=%2Fwp%2Fv2%2Fcomments&post=4186"}],"version-history":[{"count":1,"href":"https:\/\/kurtjakob.ch\/index.php?rest_route=\/wp\/v2\/posts\/4186\/revisions"}],"predecessor-version":[{"id":4188,"href":"https:\/\/kurtjakob.ch\/index.php?rest_route=\/wp\/v2\/posts\/4186\/revisions\/4188"}],"wp:attachment":[{"href":"https:\/\/kurtjakob.ch\/index.php?rest_route=%2Fwp%2Fv2%2Fmedia&parent=4186"}],"wp:term":[{"taxonomy":"category","embeddable":true,"href":"https:\/\/kurtjakob.ch\/index.php?rest_route=%2Fwp%2Fv2%2Fcategories&post=4186"},{"taxonomy":"post_tag","embeddable":true,"href":"https:\/\/kurtjakob.ch\/index.php?rest_route=%2Fwp%2Fv2%2Ftags&post=4186"}],"curies":[{"name":"wp","href":"https:\/\/api.w.org\/{rel}","templated":true}]}}