{"id":4172,"date":"2021-08-27T19:54:07","date_gmt":"2021-08-27T19:54:07","guid":{"rendered":"https:\/\/kurtjakob.ch\/?p=4172"},"modified":"2021-08-27T19:58:37","modified_gmt":"2021-08-27T19:58:37","slug":"rachel-salamander-erhaelt-den-duesseldorfer-heine-preis","status":"publish","type":"post","link":"https:\/\/kurtjakob.ch\/?p=4172","title":{"rendered":"Rachel Salamander erh\u00e4lt den D\u00fcsseldorfer Heine-Preis"},"content":{"rendered":"<p>Wie auf der Seite des <a href=\"https:\/\/www.deutschlandfunkkultur.de\/rachel-salamander-erhaelt-duesseldorfer-heine-preis.265.de.html?drn:news_id=1295273\" target=\"_blank\" rel=\"noopener\">Deutschlandfunks<\/a> zu lesen ist, erh\u00e4lt Rachel Salamander den mit 50&#8217;000 Euro dotierten Heine-Preis. Salamander ist die Tochter von Holocaust-\u00dcberlebenden, studiert hat sie in M\u00fcnchen Germanistik, Philosophie und Romanistik.<\/p>\n<p>Nach dem Studium hat sie keine akademische Karriere angestrebt, sondern eine Buchhandlung er\u00f6ffnet,<\/p>\n<blockquote>\n<p class=\"atc-TextParagraph\">ein Buchgesch\u00e4ft, das sich ganz der j\u00fcdischen Literatur und Kultur widmete, er\u00f6ffnete. Sondern auch, dass sie diese zu einem Ort machte, an dem gelesen, diskutiert und debattiert wurde, war damals etwas Au\u00dfergew\u00f6hnliches, ein Novum. Lesungen von Schriftstellern, wie sie heute allt\u00e4glich sind, waren zu der Zeit noch eine absolute Seltenheit, doch Salamander brachte in ihrem Buchladen die Menschen zusammen und Debatten in Gang.<\/p>\n<p class=\"atc-TextParagraph\">Amos Oz, Zeruya Shalev, David Grossman, Micha Brumlik, Maxim Biller, Dan Diner und viele mehr traten bei ihr auf, und immer wieder auch Marcel Reich-Ranicki. Vor allem aber machte Salamander j\u00fcdisches Leben in Deutschland wieder sichtbar. Sie selbst spricht von einer \u201eersten Rekonstruktionsarbeit\u201c. \u201eAll die, die vertrieben und ermordet worden sind, wieder in Deutschland zu beheimaten\u201c: So beschreibt Salamander, was sie angetrieben hat, die Literaturhandlung ins Leben zu rufen, mit Leben zu f\u00fcllen.<\/p>\n<p>Quelle: <a href=\"https:\/\/www.faz.net\/aktuell\/rhein-main\/kultur\/juedisches-museum-frankfurt\/rachel-salamander-engagierte-pionierin-fuer-die-juedische-kultur-17001230.html\" target=\"_blank\" rel=\"noopener\">FAZ.net<\/a><\/p><\/blockquote>\n<p>Sie wurde mit vielen Preisen geehrt, etwa mit dem Kulturellen Ehrenpreis von M\u00fcnchen, mit dem Bundesverdienstkreuz und dem Schillerpreis, in diesem Jahr wird sie also mit dem Heinrich-Heine-Preis der Stadt D\u00fcsseldorf ausgezeichnet<\/p>\n<p>Ein interessantes Gespr\u00e4ch mit ihr im Deutschlandfunk findet man <a href=\"https:\/\/www.deutschlandfunkkultur.de\/rachel-salamander-literaturwissenschaftlerin-und.970.de.html?dram:article_id=498659\" target=\"_blank\" rel=\"noopener\">hier<\/a>.<\/p>\n<p>&nbsp;<\/p>\n","protected":false},"excerpt":{"rendered":"<p>Wie auf der Seite des Deutschlandfunks zu lesen ist, erh\u00e4lt Rachel Salamander den mit 50&#8217;000 Euro dotierten Heine-Preis. Salamander ist die Tochter von Holocaust-\u00dcberlebenden, studiert hat sie in M\u00fcnchen Germanistik, Philosophie und Romanistik. Nach dem Studium hat sie keine akademische Karriere angestrebt, sondern eine Buchhandlung er\u00f6ffnet, ein Buchgesch\u00e4ft, das sich ganz der j\u00fcdischen Literatur und [&hellip;]<\/p>\n","protected":false},"author":4,"featured_media":0,"comment_status":"open","ping_status":"open","sticky":false,"template":"","format":"standard","meta":{"footnotes":""},"categories":[208],"tags":[6,218],"class_list":["post-4172","post","type-post","status-publish","format-standard","hentry","category-literatur","tag-literatur","tag-literaturpreise"],"_links":{"self":[{"href":"https:\/\/kurtjakob.ch\/index.php?rest_route=\/wp\/v2\/posts\/4172","targetHints":{"allow":["GET"]}}],"collection":[{"href":"https:\/\/kurtjakob.ch\/index.php?rest_route=\/wp\/v2\/posts"}],"about":[{"href":"https:\/\/kurtjakob.ch\/index.php?rest_route=\/wp\/v2\/types\/post"}],"author":[{"embeddable":true,"href":"https:\/\/kurtjakob.ch\/index.php?rest_route=\/wp\/v2\/users\/4"}],"replies":[{"embeddable":true,"href":"https:\/\/kurtjakob.ch\/index.php?rest_route=%2Fwp%2Fv2%2Fcomments&post=4172"}],"version-history":[{"count":4,"href":"https:\/\/kurtjakob.ch\/index.php?rest_route=\/wp\/v2\/posts\/4172\/revisions"}],"predecessor-version":[{"id":4176,"href":"https:\/\/kurtjakob.ch\/index.php?rest_route=\/wp\/v2\/posts\/4172\/revisions\/4176"}],"wp:attachment":[{"href":"https:\/\/kurtjakob.ch\/index.php?rest_route=%2Fwp%2Fv2%2Fmedia&parent=4172"}],"wp:term":[{"taxonomy":"category","embeddable":true,"href":"https:\/\/kurtjakob.ch\/index.php?rest_route=%2Fwp%2Fv2%2Fcategories&post=4172"},{"taxonomy":"post_tag","embeddable":true,"href":"https:\/\/kurtjakob.ch\/index.php?rest_route=%2Fwp%2Fv2%2Ftags&post=4172"}],"curies":[{"name":"wp","href":"https:\/\/api.w.org\/{rel}","templated":true}]}}