{"id":4166,"date":"2021-08-24T13:49:30","date_gmt":"2021-08-24T13:49:30","guid":{"rendered":"https:\/\/kurtjakob.ch\/?p=4166"},"modified":"2021-08-24T13:49:30","modified_gmt":"2021-08-24T13:49:30","slug":"tesla-model-y-offiziell-auf-europaeischem-markt-vorerst-aus-china","status":"publish","type":"post","link":"https:\/\/kurtjakob.ch\/?p=4166","title":{"rendered":"Tesla Model Y offiziell auf europ\u00e4ischem Markt \u2013 vorerst aus China"},"content":{"rendered":"<p><a href=\"https:\/\/teslamag.de\/news\/massenmodell-kein-kleinwagen-tesla-model-y-start-offiziell-deutschland-40279\"><img loading=\"lazy\" decoding=\"async\" class=\"alignnone \" src=\"https:\/\/kurtjakob.ch\/wp-content\/uploads\/2021\/08\/tesla-model-y-praesentation-berlin-schraeg-vorn-740x425-1.jpg\" alt=\"\" width=\"580\" height=\"333\" \/><\/a><\/p>\n<blockquote><p>Ab jetzt gibt es wieder zwei verschiedene Elektroauto-Modelle von Tesla in Deutschland: Zum Model 3 hat sich das etwas h\u00f6here und gr\u00f6\u00dfere Model Y gesellt, das am Donnerstag an mehreren Tesla-Standorten offiziell in den deutschen Markt eingef\u00fchrt wurde. Gleich mitnehmen oder wenigstens probefahren konnte man es noch nicht, aber wer jetzt bestellt, soll noch im September beliefert werden. Und gerade in Deutschland hat das Tesla Model Y das Zeug zum Massenmodell, wie es bei der Vorstellung in Berlin hie\u00df.<\/p><\/blockquote>\n<p>Quelle: <em><a href=\"https:\/\/teslamag.de\/news\/massenmodell-kein-kleinwagen-tesla-model-y-start-offiziell-deutschland-40279\">Tesla Model Y offiziell auf europ\u00e4ischem Markt \u2013 vorerst aus China &gt; teslamag.de<\/a><\/em><\/p>\n","protected":false},"excerpt":{"rendered":"<p>Ab jetzt gibt es wieder zwei verschiedene Elektroauto-Modelle von Tesla in Deutschland: Zum Model 3 hat sich das etwas h\u00f6here und gr\u00f6\u00dfere Model Y gesellt, das am Donnerstag an mehreren Tesla-Standorten offiziell in den deutschen Markt eingef\u00fchrt wurde. Gleich mitnehmen oder wenigstens probefahren konnte man es noch nicht, aber wer jetzt bestellt, soll noch im [&hellip;]<\/p>\n","protected":false},"author":4,"featured_media":0,"comment_status":"open","ping_status":"open","sticky":false,"template":"","format":"standard","meta":{"footnotes":""},"categories":[271],"tags":[185],"class_list":["post-4166","post","type-post","status-publish","format-standard","hentry","category-elektromobilitaet","tag-tesla"],"_links":{"self":[{"href":"https:\/\/kurtjakob.ch\/index.php?rest_route=\/wp\/v2\/posts\/4166","targetHints":{"allow":["GET"]}}],"collection":[{"href":"https:\/\/kurtjakob.ch\/index.php?rest_route=\/wp\/v2\/posts"}],"about":[{"href":"https:\/\/kurtjakob.ch\/index.php?rest_route=\/wp\/v2\/types\/post"}],"author":[{"embeddable":true,"href":"https:\/\/kurtjakob.ch\/index.php?rest_route=\/wp\/v2\/users\/4"}],"replies":[{"embeddable":true,"href":"https:\/\/kurtjakob.ch\/index.php?rest_route=%2Fwp%2Fv2%2Fcomments&post=4166"}],"version-history":[{"count":1,"href":"https:\/\/kurtjakob.ch\/index.php?rest_route=\/wp\/v2\/posts\/4166\/revisions"}],"predecessor-version":[{"id":4168,"href":"https:\/\/kurtjakob.ch\/index.php?rest_route=\/wp\/v2\/posts\/4166\/revisions\/4168"}],"wp:attachment":[{"href":"https:\/\/kurtjakob.ch\/index.php?rest_route=%2Fwp%2Fv2%2Fmedia&parent=4166"}],"wp:term":[{"taxonomy":"category","embeddable":true,"href":"https:\/\/kurtjakob.ch\/index.php?rest_route=%2Fwp%2Fv2%2Fcategories&post=4166"},{"taxonomy":"post_tag","embeddable":true,"href":"https:\/\/kurtjakob.ch\/index.php?rest_route=%2Fwp%2Fv2%2Ftags&post=4166"}],"curies":[{"name":"wp","href":"https:\/\/api.w.org\/{rel}","templated":true}]}}