{"id":4161,"date":"2021-08-24T09:24:55","date_gmt":"2021-08-24T09:24:55","guid":{"rendered":"https:\/\/kurtjakob.ch\/?p=4161"},"modified":"2021-08-24T09:24:55","modified_gmt":"2021-08-24T09:24:55","slug":"tesla-model-y-werden-ab-samstag-in-deutschland-praesentiert","status":"publish","type":"post","link":"https:\/\/kurtjakob.ch\/?p=4161","title":{"rendered":"Tesla Model Y werden ab Samstag in Deutschland pr\u00e4sentiert"},"content":{"rendered":"<p><a href=\"https:\/\/temagazin.de\/news\/tesla-model-y-ab-samstag-in-deutschland\/\"><img loading=\"lazy\" decoding=\"async\" class=\"alignnone \" src=\"https:\/\/kurtjakob.ch\/wp-content\/uploads\/2021\/08\/my.jpg\" alt=\"\" width=\"582\" height=\"291\" \/><\/a><\/p>\n<blockquote><p>Das neue Tesla Model Y kann nun auch in Deutschland erkundet werden: Es wird in den n\u00e4chsten Tagen an einigen ausgew\u00e4hlten Standorten ausgestellt. \u201cSeien Sie unter den Ersten in Europa, die in einem Model Y Platz nehmen\u201d, so Tesla. Gezeigt werden erste aus der Gigacatory Shanghai importierte Fahrzeuge. Die Arbeiten in der Gigafactory in Gr\u00fcnheide und die dortige Produktion des Mini-SUV haben sich n\u00e4mlich bekanntlich verz\u00f6gert. Das dortige Tesla Werk soll im Oktober in Betrieb gehen.<\/p><\/blockquote>\n<p>Quelle: <em><a href=\"https:\/\/temagazin.de\/news\/tesla-model-y-ab-samstag-in-deutschland\/\">Tesla Model Y werden ab Samstag in Deutschland pr\u00e4sentiert &#8211; T&amp;Emagazin<\/a><\/em><\/p>\n","protected":false},"excerpt":{"rendered":"<p>Das neue Tesla Model Y kann nun auch in Deutschland erkundet werden: Es wird in den n\u00e4chsten Tagen an einigen ausgew\u00e4hlten Standorten ausgestellt. \u201cSeien Sie unter den Ersten in Europa, die in einem Model Y Platz nehmen\u201d, so Tesla. Gezeigt werden erste aus der Gigacatory Shanghai importierte Fahrzeuge. Die Arbeiten in der Gigafactory in Gr\u00fcnheide [&hellip;]<\/p>\n","protected":false},"author":4,"featured_media":0,"comment_status":"open","ping_status":"open","sticky":false,"template":"","format":"standard","meta":{"footnotes":""},"categories":[271],"tags":[310,280,185],"class_list":["post-4161","post","type-post","status-publish","format-standard","hentry","category-elektromobilitaet","tag-europa","tag-gigafactory","tag-tesla"],"_links":{"self":[{"href":"https:\/\/kurtjakob.ch\/index.php?rest_route=\/wp\/v2\/posts\/4161","targetHints":{"allow":["GET"]}}],"collection":[{"href":"https:\/\/kurtjakob.ch\/index.php?rest_route=\/wp\/v2\/posts"}],"about":[{"href":"https:\/\/kurtjakob.ch\/index.php?rest_route=\/wp\/v2\/types\/post"}],"author":[{"embeddable":true,"href":"https:\/\/kurtjakob.ch\/index.php?rest_route=\/wp\/v2\/users\/4"}],"replies":[{"embeddable":true,"href":"https:\/\/kurtjakob.ch\/index.php?rest_route=%2Fwp%2Fv2%2Fcomments&post=4161"}],"version-history":[{"count":1,"href":"https:\/\/kurtjakob.ch\/index.php?rest_route=\/wp\/v2\/posts\/4161\/revisions"}],"predecessor-version":[{"id":4163,"href":"https:\/\/kurtjakob.ch\/index.php?rest_route=\/wp\/v2\/posts\/4161\/revisions\/4163"}],"wp:attachment":[{"href":"https:\/\/kurtjakob.ch\/index.php?rest_route=%2Fwp%2Fv2%2Fmedia&parent=4161"}],"wp:term":[{"taxonomy":"category","embeddable":true,"href":"https:\/\/kurtjakob.ch\/index.php?rest_route=%2Fwp%2Fv2%2Fcategories&post=4161"},{"taxonomy":"post_tag","embeddable":true,"href":"https:\/\/kurtjakob.ch\/index.php?rest_route=%2Fwp%2Fv2%2Ftags&post=4161"}],"curies":[{"name":"wp","href":"https:\/\/api.w.org\/{rel}","templated":true}]}}