{"id":4143,"date":"2021-08-05T18:19:15","date_gmt":"2021-08-05T18:19:15","guid":{"rendered":"https:\/\/kurtjakob.ch\/?p=4143"},"modified":"2021-08-05T18:19:15","modified_gmt":"2021-08-05T18:19:15","slug":"abomodell-fuer-teslas-autopilot-funktionen-mit-enormem-potenzial-ziehen-wettbewerber-nach","status":"publish","type":"post","link":"https:\/\/kurtjakob.ch\/?p=4143","title":{"rendered":"Abomodell f\u00fcr Teslas Autopilot-Funktionen mit enormem Potenzial: Ziehen Wettbewerber nach?"},"content":{"rendered":"<blockquote><p>Teslas Autopilot-Funktionen k\u00f6nnen Tesla-Fahrer jetzt auch mieten. Das Assistenzpaket, das Funktionen zum teilautonomen Fahren beinhaltet, war bislang lediglich als Kaufoption verf\u00fcgbar und schlug mit 10&#8217;000 US-Dollar an Zusatzkosten zu Buche. Auf die Kritik an dem hohen Preis und die Tatsache, dass User, die auf ein anderes Modell umsteigen, ihr Paket nicht mitnehmen k\u00f6nnen, hat Tesla nun reagiert und bietet ab sofort ein Abo-Modell an: F\u00fcr 199 US-Dollar im Monat k\u00f6nnen Tesla-Fahrer die Technik nutzen und bei Bedarf wieder k\u00fcndigen.<\/p><\/blockquote>\n<p>Quelle: <em><a href=\"https:\/\/www.finanzen.ch\/nachrichten\/aktien\/abomodell-fuer-teslas-autopilot-funktionen-mit-enormem-potenzial-ziehen-wettbewerber-nach-1030655178\">Abomodell f\u00fcr Teslas Autopilot-Funktionen mit enormem Potenzial: Ziehen Wettbewerber nach? | 31.07.21 | finanzen.ch<\/a><\/em><\/p>\n","protected":false},"excerpt":{"rendered":"<p>Teslas Autopilot-Funktionen k\u00f6nnen Tesla-Fahrer jetzt auch mieten. Das Assistenzpaket, das Funktionen zum teilautonomen Fahren beinhaltet, war bislang lediglich als Kaufoption verf\u00fcgbar und schlug mit 10&#8217;000 US-Dollar an Zusatzkosten zu Buche. Auf die Kritik an dem hohen Preis und die Tatsache, dass User, die auf ein anderes Modell umsteigen, ihr Paket nicht mitnehmen k\u00f6nnen, hat Tesla [&hellip;]<\/p>\n","protected":false},"author":4,"featured_media":0,"comment_status":"open","ping_status":"open","sticky":false,"template":"","format":"standard","meta":{"footnotes":""},"categories":[271],"tags":[296,185],"class_list":["post-4143","post","type-post","status-publish","format-standard","hentry","category-elektromobilitaet","tag-autonomes-fahren","tag-tesla"],"_links":{"self":[{"href":"https:\/\/kurtjakob.ch\/index.php?rest_route=\/wp\/v2\/posts\/4143","targetHints":{"allow":["GET"]}}],"collection":[{"href":"https:\/\/kurtjakob.ch\/index.php?rest_route=\/wp\/v2\/posts"}],"about":[{"href":"https:\/\/kurtjakob.ch\/index.php?rest_route=\/wp\/v2\/types\/post"}],"author":[{"embeddable":true,"href":"https:\/\/kurtjakob.ch\/index.php?rest_route=\/wp\/v2\/users\/4"}],"replies":[{"embeddable":true,"href":"https:\/\/kurtjakob.ch\/index.php?rest_route=%2Fwp%2Fv2%2Fcomments&post=4143"}],"version-history":[{"count":1,"href":"https:\/\/kurtjakob.ch\/index.php?rest_route=\/wp\/v2\/posts\/4143\/revisions"}],"predecessor-version":[{"id":4144,"href":"https:\/\/kurtjakob.ch\/index.php?rest_route=\/wp\/v2\/posts\/4143\/revisions\/4144"}],"wp:attachment":[{"href":"https:\/\/kurtjakob.ch\/index.php?rest_route=%2Fwp%2Fv2%2Fmedia&parent=4143"}],"wp:term":[{"taxonomy":"category","embeddable":true,"href":"https:\/\/kurtjakob.ch\/index.php?rest_route=%2Fwp%2Fv2%2Fcategories&post=4143"},{"taxonomy":"post_tag","embeddable":true,"href":"https:\/\/kurtjakob.ch\/index.php?rest_route=%2Fwp%2Fv2%2Ftags&post=4143"}],"curies":[{"name":"wp","href":"https:\/\/api.w.org\/{rel}","templated":true}]}}