{"id":4136,"date":"2021-08-05T18:04:21","date_gmt":"2021-08-05T18:04:21","guid":{"rendered":"https:\/\/kurtjakob.ch\/?p=4136"},"modified":"2021-08-05T18:04:21","modified_gmt":"2021-08-05T18:04:21","slug":"tesla-chef-ki-tag-mitte-august-einziges-ziel-personal-gewinnung","status":"publish","type":"post","link":"https:\/\/kurtjakob.ch\/?p=4136","title":{"rendered":"Tesla-Chef: KI-Tag Mitte August, einziges Ziel Personal-Gewinnung"},"content":{"rendered":"<p><a href=\"https:\/\/teslamag.de\/news\/naechster-grosser-tag-tesla-chef-elon-musk-ki-veranstaltung-mitte-august-39656\"><img loading=\"lazy\" decoding=\"async\" class=\"alignnone \" src=\"https:\/\/kurtjakob.ch\/wp-content\/uploads\/2021\/08\/tesla-batterie-tag-musk-baglino-terawattstunden-740x425-1.jpg\" alt=\"\" width=\"485\" height=\"278\" \/><\/a><\/p>\n<blockquote><p>Am 19. August, einem Donnerstag, soll jedenfalls der dritte offizielle Tesla-Tag abgehalten werden, schrieb Musk jetzt auf Twitter. Er bezeichnete ihn als AI Day, also mit der englischen Abk\u00fcrzung f\u00fcr k\u00fcnstliche Intelligenz. Ort, Zeit und sonstige Umst\u00e4nde nannte der Tesla-Chef zun\u00e4chst nicht. Aber vielleicht, um \u00fcbertriebenen Erwartungen und somit neuen Entt\u00e4uschungen vorzubeugen, wiederholte er kurz nach der Ank\u00fcndigung eine wichtige Einschr\u00e4nkung dazu: Das \u201eeinzige Ziel\u201c des Tages bestehe darin, die besten KI-Talente f\u00fcr Tesla zu gewinnen, schrieb er.<\/p><\/blockquote>\n<blockquote class=\"twitter-tweet\" data-width=\"550\" data-dnt=\"true\">\n<p lang=\"en\" dir=\"ltr\">Tesla AI Day August 19th<\/p>\n<p>&mdash; Elon Musk (@elonmusk) <a href=\"https:\/\/twitter.com\/elonmusk\/status\/1420594788567601152?ref_src=twsrc%5Etfw\">July 29, 2021<\/a><\/p><\/blockquote>\n<p><script async src=\"https:\/\/platform.twitter.com\/widgets.js\" charset=\"utf-8\"><\/script><\/p>\n<p>&nbsp;<\/p>\n<p>Quelle: <em><a href=\"https:\/\/teslamag.de\/news\/naechster-grosser-tag-tesla-chef-elon-musk-ki-veranstaltung-mitte-august-39656\">Tesla-Chef: KI-Tag Mitte August, einziges Ziel Personal-Gewinnung &gt; teslamag.de<\/a><\/em><\/p>\n","protected":false},"excerpt":{"rendered":"<p>Am 19. August, einem Donnerstag, soll jedenfalls der dritte offizielle Tesla-Tag abgehalten werden, schrieb Musk jetzt auf Twitter. Er bezeichnete ihn als AI Day, also mit der englischen Abk\u00fcrzung f\u00fcr k\u00fcnstliche Intelligenz. Ort, Zeit und sonstige Umst\u00e4nde nannte der Tesla-Chef zun\u00e4chst nicht. Aber vielleicht, um \u00fcbertriebenen Erwartungen und somit neuen Entt\u00e4uschungen vorzubeugen, wiederholte er kurz [&hellip;]<\/p>\n","protected":false},"author":4,"featured_media":0,"comment_status":"open","ping_status":"open","sticky":false,"template":"","format":"standard","meta":{"footnotes":""},"categories":[271],"tags":[232,231,185,118],"class_list":["post-4136","post","type-post","status-publish","format-standard","hentry","category-elektromobilitaet","tag-ai","tag-kuenstliche-intelligenz","tag-tesla","tag-twitter"],"_links":{"self":[{"href":"https:\/\/kurtjakob.ch\/index.php?rest_route=\/wp\/v2\/posts\/4136","targetHints":{"allow":["GET"]}}],"collection":[{"href":"https:\/\/kurtjakob.ch\/index.php?rest_route=\/wp\/v2\/posts"}],"about":[{"href":"https:\/\/kurtjakob.ch\/index.php?rest_route=\/wp\/v2\/types\/post"}],"author":[{"embeddable":true,"href":"https:\/\/kurtjakob.ch\/index.php?rest_route=\/wp\/v2\/users\/4"}],"replies":[{"embeddable":true,"href":"https:\/\/kurtjakob.ch\/index.php?rest_route=%2Fwp%2Fv2%2Fcomments&post=4136"}],"version-history":[{"count":1,"href":"https:\/\/kurtjakob.ch\/index.php?rest_route=\/wp\/v2\/posts\/4136\/revisions"}],"predecessor-version":[{"id":4138,"href":"https:\/\/kurtjakob.ch\/index.php?rest_route=\/wp\/v2\/posts\/4136\/revisions\/4138"}],"wp:attachment":[{"href":"https:\/\/kurtjakob.ch\/index.php?rest_route=%2Fwp%2Fv2%2Fmedia&parent=4136"}],"wp:term":[{"taxonomy":"category","embeddable":true,"href":"https:\/\/kurtjakob.ch\/index.php?rest_route=%2Fwp%2Fv2%2Fcategories&post=4136"},{"taxonomy":"post_tag","embeddable":true,"href":"https:\/\/kurtjakob.ch\/index.php?rest_route=%2Fwp%2Fv2%2Ftags&post=4136"}],"curies":[{"name":"wp","href":"https:\/\/api.w.org\/{rel}","templated":true}]}}